{"id":1122,"date":"2019-09-17T01:29:03","date_gmt":"2019-09-16T22:29:03","guid":{"rendered":"http:\/\/mahiye.com\/?p=1122"},"modified":"2019-09-17T01:29:11","modified_gmt":"2019-09-16T22:29:11","slug":"rizeli-olmak-boyle-guzeldir-16-9-2019","status":"publish","type":"post","link":"https:\/\/mahiye.com\/index.php\/2019\/09\/17\/rizeli-olmak-boyle-guzeldir-16-9-2019\/","title":{"rendered":"Rizeli Olmak B\u00f6yle G\u00fczeldir 16.9.2019"},"content":{"rendered":"\n<p>&nbsp;&nbsp;&nbsp;&nbsp;&nbsp;&nbsp;&nbsp;&nbsp;&nbsp;&nbsp;&nbsp; <strong>Rizeli\nOlmak B\u00f6yle G\u00fczeldir<\/strong><\/p>\n\n\n\n<p>Rize Belediye Ba\u015fkan\u0131 Say\u0131n Rahmi Metin\u2019in \u00f6zel kaleminden\nrica etti\u011fim randevu ger\u00e7ekle\u015fti ve Pazartesi g\u00fcn\u00fc kendisiyle bir saat g\u00f6r\u00fc\u015ft\u00fcm.\nKonumuz e\u011fitimdi, Rize\u2019nin bilim tarihiydi, ders kitaplar\u0131yd\u0131. <\/p>\n\n\n\n<p>Sosyoloji ve Siyaset Felsefesi e\u011fitimi alm\u0131\u015f bir ba\u015fkan\u0131m\u0131z\nvar. Bu birikimine g\u00fcvenerek kendisinden randevu talep etmi\u015ftim ve tahminimde\nyan\u0131lmad\u0131m. Kendisine g\u00f6t\u00fcrece\u011fim \u00f6neriye a\u00e7\u0131k olaca\u011f\u0131n\u0131 tahmin ediyordum, \u00f6yle\nde oldu. <\/p>\n\n\n\n<p>E\u011fitimde gelinen nokta y\u00fcz a\u011fart\u0131c\u0131 olmaktan \u00e7ok uzaktad\u0131r,\nbunu herkes g\u00f6r\u00fcyor. Rize\u2019nin ba\u015far\u0131s\u0131 da \u00e7ok gerilerde. Ger\u00e7i bu ders\nkitaplar\u0131yla ba\u015far\u0131l\u0131 olman\u0131n da bir anlam\u0131 yok.<\/p>\n\n\n\n<p>\u00d6zel \u015fik\u00e2yetimi de konu\u015ftuk bu arada; Rize\u2019de yerel \u015fiveyle yaz\u0131l\u0131\nti\u015f\u00f6rtler\u2026 Buna \u00e7\u00f6z\u00fcm belediyenin i\u015fi de\u011fildir elbette, ancak \u00f6rnek olu\u015fturmak\n\u00fczere belediye \u00e7al\u0131\u015fanlar\u0131n\u0131n bu gibi yaz\u0131l\u0131 ti\u015f\u00f6rtler giymemesi y\u00f6n\u00fcnde bir \u00f6rnek\ntutum g\u00f6sterilebilir. <\/p>\n\n\n\n<p>As\u0131l konumuz Geometri gibi \u00f6nemli Fen konular\u0131n\u0131n okullarda ya\nhi\u00e7, ya yanl\u0131\u015f, yahut da \u00e7ok az \u00f6\u011fretilmesi nedeniyle gelece\u011fe ili\u015fkin\nkayg\u0131lar\u0131m\u0131zd\u0131. S\u0131navlara y\u00f6nelik olmayan ve kendisi i\u00e7in bilim \u00f6\u011frenmek\nisteyen ilgili aile \u00e7ocuklar\u0131yla 1970\u2019lerin lise kitaplar\u0131yla \u00fccretsiz grup\ndersleri yapabilece\u011fimizi konu\u015ftuk. Sonu\u00e7ta Belediye Gen\u00e7lik Merkezinde b\u00f6yle\nbir g\u00f6n\u00fcll\u00fc \u00e7al\u0131\u015fma ba\u015flatabilece\u011fimizin s\u00f6z\u00fcn\u00fc ald\u0131m. \u015eimdi, Gen\u00e7lik Merkezi m\u00fcd\u00fcr\u00fcyle\nayr\u0131nt\u0131lar\u0131 konu\u015fmak \u00fczere bulu\u015faca\u011f\u0131z. &nbsp;<\/p>\n\n\n\n<p>Bu g\u00f6r\u00fc\u015fmede benim i\u00e7in ho\u015f bir \u015fey daha oldu, okurlar\u0131mla\npayla\u015fmal\u0131y\u0131m. Ba\u015fkan Rahmi Metin Rize\u2019nin Kale Mahallesinde b\u00fcy\u00fcm\u00fc\u015ft\u00fc. Kaleyi\nkimin yapt\u0131rd\u0131\u011f\u0131n\u0131 s\u00f6yledim, \u015fa\u015f\u0131rd\u0131. \u00c7\u00fcnk\u00fc bu bilgi kaledeki tabelada yer\nalm\u0131yor. Kaleyi kimin yapt\u0131\u011f\u0131n\u0131 yazmak yerine kaleyi Cenevizlilerin kulland\u0131\u011f\u0131n\u0131\nyazm\u0131\u015flar. Milet Kral\u0131 B\u00fcy\u00fck O\u011fuz Beyi Eubadore Mitridate\u2019nin ad\u0131 hi\u00e7 ge\u00e7miyor.\nNas\u0131l yaz\u0131ls\u0131n ki? Roma\u2019ya kar\u015f\u0131 k\u0131rksekiz y\u0131l di\u015fe di\u015f sava\u015fan kral\u0131m\u0131z\u0131n\nad\u0131n\u0131 tarihten ve haf\u0131zalardan silme cezas\u0131 verdi, onu tarihten silmek i\u00e7in tarihi\ns\u0131f\u0131rlad\u0131, Milat ilan etti Sezar.<\/p>\n\n\n\n<p>T\u0131p tarihinde \u00e7ok \u00f6nemli bir yeri var bu kalemizin, tarihte yaz\u0131l\u0131\nilk ila\u00e7 re\u00e7eteleri buradan Roma\u2019ya ya\u011fmac\u0131 Roma komutan\u0131 Ciniuz Pompeius\ntaraf\u0131ndan ganimet olarak g\u00f6t\u00fcr\u00fclm\u00fc\u015ft\u00fcr. Mozart\u2019\u0131n Mitridate Re Di Ponto operas\u0131n\u0131n\nkonusu olan kral\u0131n ilk sevdas\u0131 Emine\u2019ye mektuplar\u0131 da ganimet g\u00f6t\u00fcr\u00fcld\u00fc. <\/p>\n\n\n\n<p>Bunlar\u0131n yaz\u0131l\u0131 oldu\u011fu kaynaklar\u0131 sordu bana. Kale ile ilgili\nbilgilerin yer ald\u0131\u011f\u0131 tarih profes\u00f6r\u00fc Murat Arslan\u2019\u0131n kitab\u0131n\u0131n ad\u0131n\u0131 s\u00f6yledim,\ninternetten indirip bakacak. <\/p>\n\n\n\n<p>Kitab\u0131n kendisi bende var, Mayana K\u00fclt\u00fcrevimde, g\u00f6t\u00fcr\u00fcp\ng\u00f6sterece\u011fim. \u00d6nceki y\u0131l \u00c7ay TV program\u0131mda kitab\u0131 elimde tutarak onu anlatm\u0131\u015ft\u0131m,\nvideosu yay\u0131ndad\u0131r. <\/p>\n\n\n\n<p>Rahmi Beyin kitab\u0131 g\u00f6r\u00fcnce heyecanlanaca\u011f\u0131n\u0131 biliyorum, \u00e7\u00fcnk\u00fc\nKale Mahallesinin ad\u0131 bu kitapta ge\u00e7iyor, sayfas\u0131n\u0131 a\u00e7\u0131p g\u00f6sterece\u011fim. \u00c7\u00fcnk\u00fc\nkendisi de ayn\u0131 mahallede b\u00fcy\u00fcd\u00fc!<\/p>\n\n\n\n<p>Hayat b\u00f6yle g\u00fczel s\u00fcrprizlerle g\u00fczeldir. <\/p>\n\n\n\n<p>Rizeli olmak da b\u00f6yle g\u00fczeldir, iki bin y\u0131ll\u0131k bir tarihin\n\u00fczerinde d\u00fcnyaya geldi\u011fini \u00f6\u011frendi\u011fin zaman \u00f6yle heyecanlan\u0131rs\u0131n! <\/p>\n\n\n\n<p>T\u0131p tarihinin merkezinde ya\u015fad\u0131\u011f\u0131n\u0131 \u00f6\u011frendi\u011fin zaman daha bir\nheyecanlan\u0131rs\u0131n! &nbsp;<\/p>\n\n\n\n<p>Ve o zaman, bilim e\u011fitimine tutkulu aileleri de burada\nbulaca\u011f\u0131n\u0131n \u00fcmidi do\u011far! <\/p>\n\n\n\n<p>Mahiye Morg\u00fcl<\/p>\n\n\n\n<p>17.9.2019 \/Rize<\/p>\n","protected":false},"excerpt":{"rendered":"<p>&nbsp;&nbsp;&nbsp;&nbsp;&nbsp;&nbsp;&nbsp;&nbsp;&nbsp;&nbsp;&nbsp; Rizeli Olmak B\u00f6yle G\u00fczeldir Rize Belediye Ba\u015fkan\u0131 Say\u0131n Rahmi Metin\u2019in \u00f6zel kaleminden rica etti\u011fim randevu ger\u00e7ekle\u015fti ve Pazartesi g\u00fcn\u00fc kendisiyle bir saat g\u00f6r\u00fc\u015ft\u00fcm. Konumuz&#8230;<\/p>\n<div class=\"more-link-wrapper\"><a class=\"more-link\" href=\"https:\/\/mahiye.com\/index.php\/2019\/09\/17\/rizeli-olmak-boyle-guzeldir-16-9-2019\/\">Devam\u0131n\u0131 Oku<span class=\"screen-reader-text\">Rizeli Olmak B\u00f6yle G\u00fczeldir 16.9.2019<\/span><\/a><\/div>\n","protected":false},"author":2,"featured_media":0,"comment_status":"closed","ping_status":"open","sticky":false,"template":"","format":"standard","meta":{"spay_email":""},"categories":[1],"tags":[],"jetpack_featured_media_url":"","_links":{"self":[{"href":"https:\/\/mahiye.com\/index.php\/wp-json\/wp\/v2\/posts\/1122"}],"collection":[{"href":"https:\/\/mahiye.com\/index.php\/wp-json\/wp\/v2\/posts"}],"about":[{"href":"https:\/\/mahiye.com\/index.php\/wp-json\/wp\/v2\/types\/post"}],"author":[{"embeddable":true,"href":"https:\/\/mahiye.com\/index.php\/wp-json\/wp\/v2\/users\/2"}],"replies":[{"embeddable":true,"href":"https:\/\/mahiye.com\/index.php\/wp-json\/wp\/v2\/comments?post=1122"}],"version-history":[{"count":1,"href":"https:\/\/mahiye.com\/index.php\/wp-json\/wp\/v2\/posts\/1122\/revisions"}],"predecessor-version":[{"id":1123,"href":"https:\/\/mahiye.com\/index.php\/wp-json\/wp\/v2\/posts\/1122\/revisions\/1123"}],"wp:attachment":[{"href":"https:\/\/mahiye.com\/index.php\/wp-json\/wp\/v2\/media?parent=1122"}],"wp:term":[{"taxonomy":"category","embeddable":true,"href":"https:\/\/mahiye.com\/index.php\/wp-json\/wp\/v2\/categories?post=1122"},{"taxonomy":"post_tag","embeddable":true,"href":"https:\/\/mahiye.com\/index.php\/wp-json\/wp\/v2\/tags?post=1122"}],"curies":[{"name":"wp","href":"https:\/\/api.w.org\/{rel}","templated":true}]}}