{"id":1334,"date":"2020-12-16T13:50:09","date_gmt":"2020-12-16T10:50:09","guid":{"rendered":"http:\/\/mahiye.com\/?p=1334"},"modified":"2020-12-16T13:50:13","modified_gmt":"2020-12-16T10:50:13","slug":"nardugan-bayraminiz-kutlu-olsun-16-12-2020","status":"publish","type":"post","link":"https:\/\/mahiye.com\/index.php\/2020\/12\/16\/nardugan-bayraminiz-kutlu-olsun-16-12-2020\/","title":{"rendered":"Nardu\u011fan Bayram\u0131n\u0131z Kutlu Olsun 16.12.2020"},"content":{"rendered":"\n<p>Ben Nardu\u011fan hediyemi ald\u0131m, onu yaz\u0131m\u0131n sonuna koydum.<\/p>\n\n\n\n<p>T\u00fcrklerin yeni y\u0131l\u0131 21 Aral\u0131k. Geleneksel T\u00fcrk k\u00fclt\u00fcr\u00fcn\u00fc ya\u015fatan yerlerde Nardu\u011fan Bayram\u0131yla kar\u015f\u0131lan\u0131yor. A\u011fa\u00e7 dikme bayram\u0131 diyenler de var.<\/p>\n\n\n\n<p>Tesad\u00fcf de\u011fil, Rize\u2019de sahil yollar\u0131 ve okul bah\u00e7eleri portakal fidanlar\u0131yla doldu. Portakall\u0131k mahallesinde sahildeki portakal a\u011fa\u00e7lar\u0131m\u0131z istenmedik bir \u015fekilde tahribata u\u011frad\u0131\u011f\u0131 i\u00e7in belediyeye verdi\u011fimiz dilek\u00e7eler dikkate al\u0131nm\u0131\u015f olmal\u0131. Katk\u0131m\u0131z olduysa ne mutlu bize.<\/p>\n\n\n\n<p>Sahil boyu turun\u00e7gillerle s\u00fcslenmeli \u015fehrimiz diye y\u0131llardan beri yazar\u0131m. \u00d6zellikle de turun\u00e7 ile. Turun\u00e7 \u00e7i\u00e7ek a\u00e7t\u0131\u011f\u0131 zaman di\u011ferlerini d\u00f6ller ve d\u00f6k\u00fclmelerini \u00f6nler. Portakal mandalinan\u0131n babas\u0131 turun\u00e7tur, turun\u00e7gillere ad\u0131n\u0131 veren a\u011fa\u00e7t\u0131r, yaz k\u0131\u015f \u00fczerinden turun\u00e7lar eksik olmaz, \u00e7ok moral verici bir a\u011fa\u00e7t\u0131r. Bir de bunu anlatabilmeyi \u00e7ok istiyorum.<\/p>\n\n\n\n<p>Rize mandalinas\u0131 nas\u0131l bir marka ise turun\u00e7 da Rize\u2019nin markas\u0131d\u0131r, hele de Portakall\u0131k mahallesinin \u00f6n\u00fcnde bir s\u0131ra turun\u00e7 seti mutlaka en yak\u0131\u015fan\u0131 olacakt\u0131r.<\/p>\n\n\n\n<p>21 Aral\u0131k haftas\u0131nda Mayana K\u00fclt\u00fcrevimde bir pencereyi Nardu\u011fan bayram\u0131na haz\u0131rlad\u0131m, yedi \u00e7e\u015fit k\u0131rm\u0131z\u0131 meyve ve sebzeyi cam\u0131n \u00f6n\u00fcne yerle\u015ftirdim, hurma, kivi, portakal, mandalina, greyfurt, k\u0131rm\u0131z\u0131 so\u011fan, domates, havu\u00e7, elma, ayva\u2026 Bir k\u0131sm\u0131 kom\u015fu bah\u00e7elerden.<\/p>\n\n\n\n<p>Yeni y\u0131l herkese bereketli gelsin. Sa\u011fl\u0131kl\u0131 g\u00fcnler gelsin. Mevsimin sa\u011fl\u0131kl\u0131 meyvelerinden kivi ile sirke yap\u0131yorum bu hafta, bereket ana bu hafta bende. Birer litrelik kavanozlarda kivi sirkesi kuruyorum.&nbsp; Kiviye para vermedim, etraf bah\u00e7elerde bolca var. Bana kendi bah\u00e7esinden kivi veren kom\u015fular\u0131ma yap\u0131lm\u0131\u015f sirke verece\u011fim. Kivi sirkesini i\u00e7mek i\u00e7in de\u011fil ana tutmas\u0131 i\u00e7in \u00f6neriyorum, yap\u0131m\u0131n\u0131 ise internetten \u00f6\u011frendim, ilk defa yap\u0131yorum.<\/p>\n\n\n\n<p>Sirke anas\u0131n\u0131n sirkenin kendisinden daha fazla \u015fifa kayna\u011f\u0131 oldu\u011funu ya\u015fayarak \u00f6\u011frendim. Bu nedenle s\u0131rf ana tutsun diye sirke kuruyorum art\u0131k.<\/p>\n\n\n\n<p>Nardu\u011fan bayram\u0131nda Rize\u2019nin yukar\u0131 k\u00f6ylerinde eskiden \u00e7ocuklar \u00e7erez toplamaya \u00e7\u0131kard\u0131, \u201ckalenderi kulenderi\u201d tekerlemeleri s\u00f6yler e\u011flenirlerdi. Evet, takvim (Kalender) de\u011fi\u015fiyor, yeni \u0131\u015f\u0131k ba\u015fl\u0131yor, her g\u00fcn bir saniye daha g\u00fcnler uzayacak.<\/p>\n\n\n\n<p>\u0130lkokullarda kutlad\u0131\u011f\u0131m\u0131z Yerli Mal\u0131 Haftas\u0131 da Nardu\u011fan\u2019a rastl\u0131yor. Bence bu tarih hi\u00e7 de tesad\u00fcf de\u011fildir. \u00c7\u00fcnk\u00fc Cumhuriyetimizin kurucu kadrolar\u0131 \u00e7ok derin T\u00fcrk k\u00fclt\u00fcr tarih bilgisine sahiptiler. Bizim ku\u015fa\u011f\u0131 onlar on kere cebinden \u00e7\u0131kart\u0131r.<\/p>\n\n\n\n<p>\u2026\u2026\u2026\u2026<\/p>\n\n\n\n<p><strong>Bug\u00fcn Rizeli \u00f6yk\u00fc yazar\u0131 Sad\u0131k Dal misafirim oldu.<\/strong><\/p>\n\n\n\n<p>B\u00f6yle de\u011ferli bir Edebiyat \u00f6\u011fretmeni Rize\u2019de var ve onunla kendi k\u00fclt\u00fcr mek\u00e2n\u0131mda, Mayana\u2019da Nardu\u011fanl\u0131 uzun sohbetler ettik. \u201cAram\u0131zda K\u0131rk G\u00fcn\u201d adl\u0131 2015 bas\u0131m\u0131 \u00f6yk\u00fc kitab\u0131n\u0131 arma\u011fan getirdi, sa\u011folsun.<\/p>\n\n\n\n<p>Rize\u2019de ilk defa yerli \u015fiveyi bilen ve s\u00f6zc\u00fcklerin anlam k\u00f6kleriyle ilgilenen bir edebiyat\u00e7\u0131yla sohbet etmenin keyfini ya\u015fad\u0131m. Rize\u2019ye \u00e7ok \u015fey kazand\u0131racak bir yazarla tan\u0131\u015ft\u0131\u011f\u0131m i\u00e7in ayr\u0131ca mutlu oldum.<\/p>\n\n\n\n<p>Sad\u0131k Dal\u2019dan \u00f6\u011frendi\u011fim bir \u015feyi hemen okurlar\u0131mla payla\u015fmak istiyorum. Rize Lisesinin bulundu\u011fu yerde eskiden askeri k\u0131\u015fla varm\u0131\u015f, spor sahas\u0131n\u0131 da i\u00e7ine alacak kadar geni\u015f\u00e7e bir alanm\u0131\u015f. Pa\u015fakuyu Mahallesinin a\u015fa\u011f\u0131s\u0131nda olan bu d\u00fczl\u00fc\u011f\u00fcn ad\u0131 Movtinun Duzi imi\u015f. D\u00fczl\u00fc\u011f\u00fcn bat\u0131 y\u00f6n\u00fcndeki y\u00fckseltili semtin bug\u00fcnk\u00fc ad\u0131 Tophane Mahallesidir. Anahtar s\u00f6zc\u00fckleri al, git 2 bin geriye\u2026 Muvti bug\u00fcn M\u00fcft\u00fc mahallesine d\u00f6nm\u00fc\u015f, ama bu \u00e7ok yan\u0131lt\u0131c\u0131, oralarda t\u00fcrbe falan da yok. Askeri k\u0131\u015fla, bir de Pa\u015fa ve Pa\u015fa\u2019n\u0131n \u00fcnl\u00fc kuyusu var\u2026<\/p>\n\n\n\n<p>\u0130\u015fin s\u0131rr\u0131 MUVT\u0130\u2019de. Ba\u015fo\u011fuzlu kral\u0131m\u0131z VI.Mitridate\u2019nin halk aras\u0131ndaki ad\u0131 MOHT\u0130 O\u011eUZ! Antep BELKIS Mozaiklerinde ad\u0131 sMHTIOKHUS \u015feklindedir.<\/p>\n\n\n\n<p>A\u00e7\u0131klamak isterim; yerel \u015fivemizde H harfi sert \u011e olarak \u00fcnlenir, yani \u011e\/V \u00e7\u0131kart\u0131l\u0131r. T\u0131pk\u0131 So\u011fan\/Sovan d\u00f6n\u00fc\u015f\u00fcm\u00fc gibi.<\/p>\n\n\n\n<p>Gelelim Sad\u0131k Dal ile bizi kar\u015f\u0131la\u015ft\u0131ran \u015fu g\u00fczelli\u011fe; Ba\u015fo\u011fuzlu kral\u0131m\u0131z\u0131n bir iziyle daha kar\u015f\u0131la\u015ft\u0131m. Nardu\u011fan hediyesi gibi.<\/p>\n\n\n\n<p>Gel de iki kere d\u00fc\u015f\u00fcnme\u2026 Gazi Mustafa Kemal de o mahallede, o k\u0131\u015flan\u0131n biti\u015fi\u011finde, e\u011fitim sahas\u0131n\u0131 g\u00f6ren Matarac\u0131lar\u0131n evinde kald\u0131. Uzun ad\u0131yla, Hubyar Sultan Haydar Ali Pan Toros Mohti (Mete!) O\u011fuz\u2019un askerlerine e\u011fitim verdi\u011fi yerde\u2026<\/p>\n\n\n\n<p>Hem Dor atlar\u0131n, hem K\u0131r atlar\u0131n, hem s\u00fcvarilerin, hem manc\u0131n\u0131k at\u0131\u015f\u00e7\u0131lar\u0131n, hem ok\u00e7ular\u0131n, hem yak\u0131n d\u00f6\u011f\u00fc\u015f\u00e7\u00fc k\u0131l\u0131\u00e7 kalkanl\u0131lar\u0131n e\u011fitildi\u011fi bu yerde, hem gemicilerin hem karac\u0131lar\u0131n d\u00f6\u011f\u00fc\u015f e\u011fitimi ald\u0131klar\u0131 bu yerde, Birle\u015fik O\u011fuz Ordular\u0131n\u0131n kuruldu\u011fu, T\u00fcrk Silahl\u0131 Kuvvetlerinin 2 bin y\u0131l \u00f6nce kurulu\u015funun ger\u00e7ekle\u015fti\u011fi, 22 O\u011fuz boyunun birle\u015fip Milet Uygarl\u0131\u011f\u0131 ad\u0131n\u0131 ald\u0131\u011f\u0131, Ba\u015fo\u011fuzlu krallar\u0131n y\u00f6netti\u011fi Milet ba\u015fkentinde, Rize\u2019de, Matarac\u0131lar\u0131n kona\u011f\u0131nda Son O\u011fuz Beyi Mustafa Kemal Atat\u00fcrk misafir kald\u0131! Ey tarih, bu ne g\u00fczelliktir!<\/p>\n\n\n\n<p>21 Aral\u0131k 2020 Nardu\u011fan Bayram\u0131 T\u00fcrk milletine kutlu haberlerin verildi\u011fi bir y\u0131la giri\u015f bayram\u0131 olsun. &nbsp;Ve;<\/p>\n\n\n\n<p>21 Aral\u0131k g\u00fcn\u00fc kap\u0131n\u0131z\u0131n \u00f6n\u00fcnde bir nar patlat\u0131n, tanelerini \u00e7ocuklar yesin\u2026 Yeni y\u0131l bereketiyle gelsin.<\/p>\n\n\n\n<p>Mayana<\/p>\n","protected":false},"excerpt":{"rendered":"<p>Ben Nardu\u011fan hediyemi ald\u0131m, onu yaz\u0131m\u0131n sonuna koydum. T\u00fcrklerin yeni y\u0131l\u0131 21 Aral\u0131k. Geleneksel T\u00fcrk k\u00fclt\u00fcr\u00fcn\u00fc ya\u015fatan yerlerde Nardu\u011fan Bayram\u0131yla kar\u015f\u0131lan\u0131yor. A\u011fa\u00e7 dikme bayram\u0131 diyenler&#8230;<\/p>\n<div class=\"more-link-wrapper\"><a class=\"more-link\" href=\"https:\/\/mahiye.com\/index.php\/2020\/12\/16\/nardugan-bayraminiz-kutlu-olsun-16-12-2020\/\">Devam\u0131n\u0131 Oku<span class=\"screen-reader-text\">Nardu\u011fan Bayram\u0131n\u0131z Kutlu Olsun 16.12.2020<\/span><\/a><\/div>\n","protected":false},"author":2,"featured_media":0,"comment_status":"closed","ping_status":"open","sticky":false,"template":"","format":"standard","meta":{"spay_email":""},"categories":[1],"tags":[],"jetpack_featured_media_url":"","_links":{"self":[{"href":"https:\/\/mahiye.com\/index.php\/wp-json\/wp\/v2\/posts\/1334"}],"collection":[{"href":"https:\/\/mahiye.com\/index.php\/wp-json\/wp\/v2\/posts"}],"about":[{"href":"https:\/\/mahiye.com\/index.php\/wp-json\/wp\/v2\/types\/post"}],"author":[{"embeddable":true,"href":"https:\/\/mahiye.com\/index.php\/wp-json\/wp\/v2\/users\/2"}],"replies":[{"embeddable":true,"href":"https:\/\/mahiye.com\/index.php\/wp-json\/wp\/v2\/comments?post=1334"}],"version-history":[{"count":1,"href":"https:\/\/mahiye.com\/index.php\/wp-json\/wp\/v2\/posts\/1334\/revisions"}],"predecessor-version":[{"id":1335,"href":"https:\/\/mahiye.com\/index.php\/wp-json\/wp\/v2\/posts\/1334\/revisions\/1335"}],"wp:attachment":[{"href":"https:\/\/mahiye.com\/index.php\/wp-json\/wp\/v2\/media?parent=1334"}],"wp:term":[{"taxonomy":"category","embeddable":true,"href":"https:\/\/mahiye.com\/index.php\/wp-json\/wp\/v2\/categories?post=1334"},{"taxonomy":"post_tag","embeddable":true,"href":"https:\/\/mahiye.com\/index.php\/wp-json\/wp\/v2\/tags?post=1334"}],"curies":[{"name":"wp","href":"https:\/\/api.w.org\/{rel}","templated":true}]}}