{"id":1438,"date":"2021-11-10T13:26:34","date_gmt":"2021-11-10T10:26:34","guid":{"rendered":"http:\/\/mahiye.com\/?p=1438"},"modified":"2021-11-10T13:26:37","modified_gmt":"2021-11-10T10:26:37","slug":"rize-gulbahar-ilkokulunda-10-kasim-2021","status":"publish","type":"post","link":"https:\/\/mahiye.com\/index.php\/2021\/11\/10\/rize-gulbahar-ilkokulunda-10-kasim-2021\/","title":{"rendered":"Rize G\u00fclbahar \u0130lkokulunda 10 Kas\u0131m 2021"},"content":{"rendered":"\n<p>Atat\u00fcrk\u2019\u00fc sonsuzlu\u011fa u\u011furlay\u0131\u015f\u0131m\u0131z\u0131n 83.Y\u0131ld\u00f6n\u00fcm\u00fcnde Rizeli e\u011fitimci yazar Mahiye Morg\u00fcl Ataya Sayg\u0131 t\u00f6renine Rize G\u00fclbahar \u0130lkokulunda (\u015eevket Yard\u0131mc\u0131 \u0130lkokulu) kat\u0131ld\u0131.<\/p>\n\n\n\n<p>\u015eiddetli ya\u011f\u0131\u015f nedeniyle bu y\u0131l t\u00f6ren okulun salonunda ve s\u0131n\u0131flarda yap\u0131ld\u0131. Mahiye Morg\u00fcl t\u00f6ren i\u00e7in g\u00f6t\u00fcrd\u00fc\u011f\u00fc &nbsp;kas\u0131mpat\u0131 \u00e7i\u00e7ekleriyle \u00f6zel \u00e7elengi okulun Atat\u00fcrk K\u00f6\u015fesine yerle\u015ftirdi, saat 9.05\u2019de siren seslerini burada dinledi ve \u0130stiklal Mar\u015f\u0131na orada kat\u0131ld\u0131. Daha sonra okulun \u00f6\u011frencileriyle ve \u00f6\u011fretmenlerle Atat\u00fcrk K\u00f6\u015fesinde hat\u0131ra foto\u011fraf\u0131 \u00e7ektirdi.<\/p>\n\n\n\n<p>Yazar Mahiye Morg\u00fcl ge\u00e7ti\u011fimiz y\u0131l yine G\u00fclbahar \u0130lkokulunun bah\u00e7esinde yap\u0131lan t\u00f6rene kat\u0131lm\u0131\u015ft\u0131. 1961 y\u0131l\u0131nda G\u00fclbahar \u0130lkokulundan mezun olmu\u015f bir m\u00fczik \u00f6\u011fretmeni olarak bah\u00e7ede yap\u0131lan t\u00f6rende \u0130stiklal Mar\u015f\u0131n\u0131 y\u00f6netmi\u015fti.<\/p>\n\n\n\n<p>Yazar\u0131m\u0131z, sa\u011f oldu\u011fu s\u00fcrece 10 Kas\u0131m t\u00f6renlerine burada kat\u0131laca\u011f\u0131n\u0131 belirterek okul m\u00fcd\u00fcr\u00fcyle ve \u00f6\u011fretmenleriyle \u00f6\u011fretmen odas\u0131nda kendisine ikram edilen \u00e7ay\u0131 i\u00e7ti. Korona salg\u0131n\u0131 nedeniyle karantinaya al\u0131nm\u0131\u015f bir s\u0131n\u0131f\u0131n \u00f6\u011frencileri bug\u00fcnk\u00fc t\u00f6rene kat\u0131lamam\u0131\u015ft\u0131. &nbsp;<\/p>\n\n\n\n<p>Yeni bir salg\u0131n daha ba\u015flayaca\u011f\u0131, onun ka\u015f\u0131nt\u0131l\u0131 \u00e7i\u00e7ek hastal\u0131\u011f\u0131 \u015feklinde g\u00f6r\u00fclece\u011fi \u00fczerine bas\u0131nda yer alan haberlerden s\u00f6z eden \u00f6\u011fretmenlere Mahiye Morg\u00fcl yerel karayemi\u015f ve turun\u00e7 yapraklar\u0131ndan yap\u0131lan koruyucu \u00e7aylar\u0131, ev sirkesini suland\u0131rarak ka\u015f\u0131nt\u0131 b\u00f6lgesine s\u00fcrmeyi ve Rize\u2019de \u00fcretilen probiyotik takviye g\u0131da stat\u00fcs\u00fcnde patentli sat\u0131lan kestane bal\u0131 genomlu Andon \u015furubunu \u00f6nerdi. &nbsp;\u201cG\u00f6r\u00fcnen \u015fudur; korona vir\u00fcs\u00fc akci\u011feri hedef alm\u0131\u015ft\u0131, yeni vir\u00fcs ise karaci\u011feri hedef alm\u0131\u015f g\u00f6r\u00fcn\u00fcyor, buna g\u00f6re koruyucu bildi\u011fimiz karayemi\u015f karaci\u011fer dostudur, turun\u00e7 akci\u011fer ve sindirim sistemi dostudur gibi veciz sa\u011fl\u0131k \u00f6\u011f\u00fctlerine d\u00f6nece\u011fiz, bunlar\u0131 velilerimize \u00f6\u011fretece\u011fiz\u201d diye ekledi.<\/p>\n\n\n\n<p>Yazar\u0131m\u0131z Mahiye Morg\u00fcl 1958\u2019de G\u00fclbahar \u0130lkokulu 2.s\u0131n\u0131f \u00f6\u011frencisiyken kan\u0131yla \u00e7izdi\u011fi K\u0131br\u0131s haritas\u0131yla yerel Rize K\u00fclt\u00fcr Dergisinde haber olmu\u015ftu. G\u00fclbahar ilkokuluyla o tarihten beri g\u00fc\u00e7l\u00fc manevi ba\u011flar\u0131 olan yazar\u0131m\u0131z okulun ad\u0131n\u0131n de\u011fi\u015ftirilmesini kabullenememi\u015f, \u201cG\u00fclbahar Okulumun Ad\u0131n\u0131 Geri istiyorum\u201d ba\u015fl\u0131kl\u0131 bir makalesini yerel Z\u00fcmr\u00fct Rize Gazetesinde ve internet ortal\u0131mda yay\u0131nlam\u0131\u015ft\u0131.<\/p>\n\n\n\n<figure class=\"wp-block-image size-large is-resized\"><img loading=\"lazy\" src=\"https:\/\/mahiye.com\/wp-content\/uploads\/2021\/11\/image.png\" alt=\"\" class=\"wp-image-1439\" width=\"498\" height=\"245\" srcset=\"https:\/\/mahiye.com\/wp-content\/uploads\/2021\/11\/image.png 439w, https:\/\/mahiye.com\/wp-content\/uploads\/2021\/11\/image-300x148.png 300w\" sizes=\"(max-width: 498px) 100vw, 498px\" \/><\/figure>\n\n\n\n<figure class=\"wp-block-image size-large is-resized\"><img loading=\"lazy\" src=\"https:\/\/mahiye.com\/wp-content\/uploads\/2021\/11\/image-1.png\" alt=\"\" class=\"wp-image-1440\" width=\"297\" height=\"395\"\/><\/figure>\n\n\n\n<p>10 Kas\u0131m 2021 \u2013Rize<\/p>\n\n\n\n<p>Not: Bu yaz\u0131 Z\u00fcmr\u00fct Rize Gazetesinde haber olarak yay\u0131nlanacakt\u0131r.<\/p>\n\n\n\n<p>Sayg\u0131lar\u0131mla.<\/p>\n\n\n\n<p>Mahiye Morg\u00fcl<\/p>\n","protected":false},"excerpt":{"rendered":"<p>Atat\u00fcrk\u2019\u00fc sonsuzlu\u011fa u\u011furlay\u0131\u015f\u0131m\u0131z\u0131n 83.Y\u0131ld\u00f6n\u00fcm\u00fcnde Rizeli e\u011fitimci yazar Mahiye Morg\u00fcl Ataya Sayg\u0131 t\u00f6renine Rize G\u00fclbahar \u0130lkokulunda (\u015eevket Yard\u0131mc\u0131 \u0130lkokulu) kat\u0131ld\u0131. \u015eiddetli ya\u011f\u0131\u015f nedeniyle bu y\u0131l t\u00f6ren&#8230;<\/p>\n<div class=\"more-link-wrapper\"><a class=\"more-link\" href=\"https:\/\/mahiye.com\/index.php\/2021\/11\/10\/rize-gulbahar-ilkokulunda-10-kasim-2021\/\">Devam\u0131n\u0131 Oku<span class=\"screen-reader-text\">Rize G\u00fclbahar \u0130lkokulunda 10 Kas\u0131m 2021<\/span><\/a><\/div>\n","protected":false},"author":2,"featured_media":0,"comment_status":"closed","ping_status":"open","sticky":false,"template":"","format":"standard","meta":{"spay_email":""},"categories":[1],"tags":[],"jetpack_featured_media_url":"","_links":{"self":[{"href":"https:\/\/mahiye.com\/index.php\/wp-json\/wp\/v2\/posts\/1438"}],"collection":[{"href":"https:\/\/mahiye.com\/index.php\/wp-json\/wp\/v2\/posts"}],"about":[{"href":"https:\/\/mahiye.com\/index.php\/wp-json\/wp\/v2\/types\/post"}],"author":[{"embeddable":true,"href":"https:\/\/mahiye.com\/index.php\/wp-json\/wp\/v2\/users\/2"}],"replies":[{"embeddable":true,"href":"https:\/\/mahiye.com\/index.php\/wp-json\/wp\/v2\/comments?post=1438"}],"version-history":[{"count":1,"href":"https:\/\/mahiye.com\/index.php\/wp-json\/wp\/v2\/posts\/1438\/revisions"}],"predecessor-version":[{"id":1441,"href":"https:\/\/mahiye.com\/index.php\/wp-json\/wp\/v2\/posts\/1438\/revisions\/1441"}],"wp:attachment":[{"href":"https:\/\/mahiye.com\/index.php\/wp-json\/wp\/v2\/media?parent=1438"}],"wp:term":[{"taxonomy":"category","embeddable":true,"href":"https:\/\/mahiye.com\/index.php\/wp-json\/wp\/v2\/categories?post=1438"},{"taxonomy":"post_tag","embeddable":true,"href":"https:\/\/mahiye.com\/index.php\/wp-json\/wp\/v2\/tags?post=1438"}],"curies":[{"name":"wp","href":"https:\/\/api.w.org\/{rel}","templated":true}]}}