{"id":1630,"date":"2023-05-03T12:16:07","date_gmt":"2023-05-03T09:16:07","guid":{"rendered":"http:\/\/mahiye.com\/?p=1630"},"modified":"2023-05-06T20:34:48","modified_gmt":"2023-05-06T17:34:48","slug":"genc-piyanistimiz-mertol-demirelli-dunya-ucuncusu-oldu-5-5-2023","status":"publish","type":"post","link":"https:\/\/mahiye.com\/index.php\/2023\/05\/03\/genc-piyanistimiz-mertol-demirelli-dunya-ucuncusu-oldu-5-5-2023\/","title":{"rendered":"Gen\u00e7 Piyanistimiz Mertol Demirelli D\u00fcnya \u00dc\u00e7\u00fcnc\u00fcs\u00fc Oldu (3.5.2023)"},"content":{"rendered":"\n<p>2 May\u0131s 2023 ak\u015fam\u0131 \u0130spanya\u2019da yap\u0131lan piyano yar\u0131\u015fmas\u0131nda dahi yetenek Mertol Demirelli o\u011flumuz d\u00fcnya \u00fc\u00e7\u00fcnc\u00fcs\u00fc oldu. Yar\u0131\u015fmay\u0131 canl\u0131 yay\u0131n izleyen bir m\u00fczikolog olarak \u015funu rahatl\u0131kla s\u00f6yleyebilirim, o\u011flumuzun performans\u0131 di\u011ferlerinden daha y\u00fcksekti. J\u00fcri \u00fc\u00e7\u00fcnc\u00fcl\u00fck takdir etti. Bu onun kat\u0131ld\u0131\u011f\u0131 ilk d\u00fcnya yar\u0131\u015fmas\u0131 de\u011fil ama bu \u00f6l\u00e7ekteki ilk d\u00fcnya yar\u0131\u015fmas\u0131d\u0131r.<\/p>\n\n\n\n<figure class=\"wp-block-image size-large is-resized\"><img loading=\"lazy\" src=\"https:\/\/mahiye.com\/wp-content\/uploads\/2023\/05\/Yarismanin-Afisinde-1024x1024.jpg\" alt=\"\" class=\"wp-image-1645\" width=\"381\" height=\"381\" srcset=\"https:\/\/mahiye.com\/wp-content\/uploads\/2023\/05\/Yarismanin-Afisinde-1024x1024.jpg 1024w, https:\/\/mahiye.com\/wp-content\/uploads\/2023\/05\/Yarismanin-Afisinde-300x300.jpg 300w, https:\/\/mahiye.com\/wp-content\/uploads\/2023\/05\/Yarismanin-Afisinde-150x150.jpg 150w, https:\/\/mahiye.com\/wp-content\/uploads\/2023\/05\/Yarismanin-Afisinde-768x768.jpg 768w, https:\/\/mahiye.com\/wp-content\/uploads\/2023\/05\/Yarismanin-Afisinde.jpg 1080w\" sizes=\"(max-width: 381px) 100vw, 381px\" \/><\/figure>\n\n\n\n<p>\u00dc\u00e7\u00fcnc\u00fcl\u00fck ba\u015far\u0131s\u0131 Mertol Demirelli o\u011flumuzun gelecekte daha b\u00fcy\u00fck ba\u015far\u0131lar g\u00f6sterece\u011finin kan\u0131t\u0131d\u0131r. Yar\u0131\u015fman\u0131n linkini izleyenler bunu g\u00f6receklerdir.<\/p>\n\n\n\n<p>\u00d6n\u00fcm\u00fczdeki y\u0131l T\u00fcrkiye\u2019de ve d\u00fcnyada bir\u00e7ok konser afi\u015finde Mertol Demirelli Piyano Konseri duyurular\u0131 g\u00f6rece\u011fiz. L\u00fctfen onun konserlerini takip etmeye ba\u015flay\u0131n\u0131z.&nbsp; Bu arada Rizeli okurlar\u0131ma an\u0131msatay\u0131m, Ge\u00e7en y\u0131l Mertol i\u00e7in Rize, Trabzon ve Giresun\u2019da birer konser haz\u0131rlam\u0131\u015ft\u0131k ve yo\u011fun kar nedeniyle u\u00e7ak seferlerinin iptal edildi\u011fi o hafta biz de bu konserleri iptal etmi\u015ftik.<\/p>\n\n\n\n<p>&nbsp;&nbsp;&nbsp;&nbsp;&nbsp;&nbsp;&nbsp;&nbsp;&nbsp;&nbsp;&nbsp; \u0130spanya\u2019n\u0131n Vigo \u015fehrinde yap\u0131lan ve bu nedenle Vigo Piyano Yar\u0131\u015fmas\u0131 olarak adland\u0131r\u0131lan yar\u0131\u015fman\u0131n ard\u0131ndan Mertol Demirelli\u2019nin \u00e7ok de\u011ferli babas\u0131 a\u015fa\u011f\u0131daki yaz\u0131l\u0131 a\u00e7\u0131klamay\u0131 m\u00fczik yazarlar\u0131na ve dostlar\u0131na g\u00f6nderdi. Aynen k\u00f6\u015feme al\u0131yorum.<\/p>\n\n\n\n<p>Sevgili Dostlar\u0131m\u0131z, De\u011ferli M\u00fczikseverler,<\/p>\n\n\n\n<p>Ba\u015flang\u0131c\u0131ndan itibaren \u00e7ok \u00fcnl\u00fc piyanistlerden olu\u015fturulan j\u00fcrisi nedeniyle (Argerich, Freire vd) k\u0131sa s\u00fcrede d\u00fcnyan\u0131n en talep g\u00f6ren ve sayg\u0131n yar\u0131\u015fmalar\u0131ndan biri haline gelen, \u0130spanya&#8217;daki Vigo Piyano Yar\u0131\u015fmas\u0131&#8217;nda 3. olan Demirelli, d\u00fcn gece hepimize hakl\u0131 bir gurur ya\u015fatt\u0131.<\/p>\n\n\n\n<p>Harika \u00e7ocuk olarak sahnelerde g\u00f6r\u00fcnmeye ba\u015flad\u0131\u011f\u0131 6 ya\u015f\u0131ndan (2002) bu yana, kimi ilkleri ger\u00e7ekle\u015ftirmi\u015f, yirmi y\u0131l\u0131 a\u015fan sanat ya\u015fam\u0131na, Ulusal\/Uluslararas\u0131 ba\u015far\u0131lar s\u0131\u011fd\u0131rm\u0131\u015f, kendi ku\u015fa\u011f\u0131n\u0131n en ba\u015far\u0131l\u0131 piyanistlerinden biri olarak haf\u0131zalarda hakl\u0131 bir yer edinmi\u015f 26 ya\u015f\u0131ndaki piyanistimiz, \u00f6d\u00fcllerine bir yenisini daha ekleyerek, kariyerinde emin ad\u0131mlarla ilerlemekte oldu\u011funu yeniden g\u00f6stermi\u015f oldu.<\/p>\n\n\n\n<p>40 \u00fclkeden 200&#8217;\u00fcn \u00fczerinde ba\u015fvuru yapan Piyanistten 38&#8217;inin, \u00f6neleme j\u00fcrisi taraf\u0131ndan titiz u\u011fra\u015flarla belirlendi\u011fi yar\u0131\u015fma, 28 Nisan&#8217;daki a\u00e7\u0131l\u0131\u015f t\u00f6reni ile ba\u015flam\u0131\u015ft\u0131.<\/p>\n\n\n\n<p>\u0130lk tur sonras\u0131nda, Yar\u0131 Finaldeki 24 yar\u0131\u015fmac\u0131dan biri olan Demirelli&#8217;nin, Liszt Dante Sonat \u00e7ald\u0131\u011f\u0131 30 Nisan&#8217;daki performans\u0131n\u0131, linkteki kayd\u0131n 49.dakikas\u0131ndan ba\u015flayarak (17 dakika s\u00fcreyle) izleyebilirsiniz;&nbsp;<\/p>\n\n\n\n<p><a href=\"https:\/\/www.youtube.com\/live\/5_W10twjt28?feature=share\">https:\/\/www.youtube.com\/live\/5_W10twjt28?feature=share<\/a><\/p>\n\n\n\n<p>Finaldeki 6 yar\u0131\u015fmac\u0131dan biri olan Demirelli&#8217; nin, Chopin&#8217;in 4 Balad\u0131n\u0131 arka arkaya \u00e7ald\u0131\u011f\u0131 performans\u0131n\u0131, kayd\u0131n 1saat 6.dakikas\u0131ndan sonra (35 dakika s\u00fcreyle) izleyebilirsiniz;&nbsp;<\/p>\n\n\n\n<p><a href=\"https:\/\/www.youtube.com\/live\/DQkb6K23Awo?feature=share\">https:\/\/www.youtube.com\/live\/DQkb6K23Awo?feature=share<\/a><\/p>\n\n\n\n<p>(kay\u0131tta baz\u0131 kesiklikler vard\u0131r).<\/p>\n\n\n\n<p>J\u00fcrinin yer ald\u0131\u011f\u0131 yar\u0131\u015fma afi\u015fini de eklerde bulacaks\u0131n\u0131z. Afi\u015fte yer almas\u0131na kar\u015f\u0131n, Say\u0131n \u0130dil Biret, kat\u0131lamam\u0131\u015ft\u0131r. Kendisiyle \u00e7ocuklu\u011fundan bu yana ba\u011f\u0131n\u0131 koparmam\u0131\u015f Demirelli i\u00e7in, Say\u0131n Biret&#8217;in J\u00fcride bulunmas\u0131 ayr\u0131 bir mutluluk ve g\u00fcven kayna\u011f\u0131 olacakt\u0131&#8230;<\/p>\n\n\n\n<p>&nbsp;&nbsp;&nbsp;&nbsp;&nbsp;&nbsp;&nbsp;&nbsp;&nbsp;&nbsp;&nbsp; Bu \u00f6d\u00fcl\u00fcn gerisinde \u00e7ok b\u00fcy\u00fck bir emek vard\u0131r. Ba\u015fta, emekleri asla \u00f6denemez sevgili hocam\u0131z Say\u0131n Oya \u00dcnler Bayka ve \u00e7ok \u00f6zel e\u011fitimleri almas\u0131 i\u00e7in b\u00fcy\u00fck \u00e7abalar harcayan Say\u0131n I\u015f\u0131n Metin nezdinde t\u00fcm eme\u011fi ge\u00e7en e\u011fitimcilere, yaz\u0131lar\u0131yla b\u00fcy\u00fck katk\u0131 sa\u011flam\u0131\u015f olan Say\u0131n Evin \u0130lyaso\u011flu ve Say\u0131n \u015eefik Kahramankaptan nezdinde t\u00fcm yazarlara, konser imkanlar\u0131 sa\u011flam\u0131\u015f, bir Eski\u015fehirli de olarak hep gurur duydu\u011fumuz Eski\u015fehir B\u00fcy\u00fck\u015fehir Belediyesi Senfoni Orkestras\u0131 ve De\u011ferli \u015eefi Say\u0131n Ender Sakp\u0131nar, Say\u0131n Ye\u015fim G\u00fcrer Oymak (\u0130KSV), Say\u0131n Canan Aydo\u011fan (\u00f6nceki-Akbank Sanat), Say\u0131n Ay\u015fe Sipahio\u011flu (\u00f6nceki-Maltepe TSKM) ve Say\u0131n Selma Ya\u011fc\u0131 (Merfest) nezdinde kurumlar\u0131n Sanat Y\u00f6neticilerine, \u00fclkemizin De\u011ferli Piyanistleri Say\u0131n \u0130dil Biret, Say\u0131n G\u00fclsin Onay, Say\u0131n Faz\u0131l Say ve Say\u0131n H\u00fcseyin Sermet nezdinde t\u00fcm Klasik M\u00fczik Camias\u0131na, deste\u011fini her daim hissetti\u011fim kadim dostum Say\u0131n Zerrin Zehra Taka\u00e7 nezdinde t\u00fcm dostlar\u0131m\u0131za ve m\u00fczikseverlere ve ufkumu a\u00e7arak benim, dolay\u0131s\u0131yla da torununun yeti\u015fmesindeki muazzam katk\u0131s\u0131 nedeniyle babam rahmetli \u00d6\u011fretmen Mehmet Demirelli&#8217;ye te\u015fekk\u00fcr ediyor, \u015f\u00fckranlar\u0131m\u0131z\u0131 sunuyoruz.<\/p>\n\n\n\n<p>\u00d6d\u00fcl\u00fcn, piyanistimizi daha yo\u011fun bir sahne ya\u015fam\u0131na y\u00f6neltece\u011fi g\u00f6r\u00fclmektedir. Kendisine sa\u011fl\u0131k, mutluluk ve ba\u015far\u0131 dolu bir ya\u015fam diliyoruz.<\/p>\n\n\n\n<p>Sayg\u0131lar\u0131m\u0131zla, \/ M.Erkan Demirelli \/3.5.2023<\/p>\n\n\n\n<p>Ben de bir m\u00fczik e\u011fitimcisi ve bir m\u00fczikolog olarak, \u00e7ocuklu\u011fundan beri yak\u0131ndan tan\u0131d\u0131\u011f\u0131m Mertol Demirelli\u2019nin ba\u015far\u0131lar\u0131n\u0131 b\u00fcy\u00fck bir heyecanla takip ediyorum. Daha okula ba\u015flamam\u0131\u015ft\u0131, T\u00fcrkiye Polifonik Korolar derne\u011finde \u00e7ocuk korosuna geliyordu. Sonra \u0130stanbul Festivalinde, \u0130dil Biret ile beraber ikili piyano konserinde Ankara\u2019dan onu alk\u0131\u015flamaya gittim, Aya \u0130rini salonunda ailesiyle birlikte protokolde en \u00f6n s\u0131rada dinledim onu. \u00d6nceki y\u0131l Eski\u015fehir konserinde de Ankara\u2019dan gittim, alk\u0131\u015flad\u0131m. B\u00f6yle \u00e7ok gurur verici konserler ya\u015fatt\u0131 bize. Bilkent Sahne Sanatlar\u0131 Fak\u00fcltesinin konser salonunda da \u00e7ok alk\u0131\u015flad\u0131m onu.<\/p>\n\n\n\n<p>\u00a0\u00a0\u00a0\u00a0\u00a0\u00a0\u00a0\u00a0\u00a0\u00a0<\/p>\n\n\n\n<figure class=\"wp-block-image size-large\"><img loading=\"lazy\" width=\"809\" height=\"465\" src=\"https:\/\/mahiye.com\/wp-content\/uploads\/2023\/05\/Yarismada.jpg\" alt=\"\" class=\"wp-image-1646\" srcset=\"https:\/\/mahiye.com\/wp-content\/uploads\/2023\/05\/Yarismada.jpg 809w, https:\/\/mahiye.com\/wp-content\/uploads\/2023\/05\/Yarismada-300x172.jpg 300w, https:\/\/mahiye.com\/wp-content\/uploads\/2023\/05\/Yarismada-768x441.jpg 768w\" sizes=\"(max-width: 809px) 100vw, 809px\" \/><\/figure>\n\n\n\n<p>\u00a0 Gazi mahallesindeki evlerinde bir g\u00fcn misafir oldum, pentatonik \u00e7ocuk nazlatmalar\u0131 \u00fczerine Kodaly Metoduyla \u00f6zg\u00fcn bir \u00e7al\u0131\u015fma yapt\u0131k. Ne verirsen hemen al\u0131yordu, haf\u0131zas\u0131 kadar matemati\u011fi de kuvvetliydi. Ona verilen emek bo\u015fa gitmez, bunu g\u00f6rd\u00fcm.<\/p>\n\n\n\n<p>&nbsp;&nbsp;&nbsp;&nbsp;&nbsp;&nbsp;&nbsp;&nbsp;&nbsp;&nbsp;&nbsp; Babas\u0131n\u0131n yaz\u0131l\u0131 a\u00e7\u0131klamas\u0131nda hepsine te\u015fekk\u00fcr etti\u011fi de\u011ferli \u00f6\u011fretmenlerine bakt\u0131\u011f\u0131m\u0131zda tamamen T\u00fcrk e\u011fitimcileriyle yeti\u015fti\u011fini g\u00f6r\u00fcyoruz. Ayr\u0131ca eklemeliyim, \u00f6zellikle babas\u0131n\u0131n \u00f6zveriyle ona nas\u0131l kanat gerdi\u011finin yak\u0131n tan\u0131\u011f\u0131y\u0131m.<\/p>\n\n\n\n<p>&nbsp;&nbsp;&nbsp;&nbsp;&nbsp;&nbsp;&nbsp;&nbsp;&nbsp;&nbsp;&nbsp; Mertol Demirelli Ankara\u2019n\u0131n o\u011fludur. Ankara konserinde onu kap\u0131da Ankara Mar\u015f\u0131yla kar\u015f\u0131layaca\u011f\u0131m, Rize\u2019de veremedi\u011fi konserin an\u0131s\u0131na ona Rize\u2019de iptal etti\u011fimiz konserin afi\u015fini verece\u011fim.<\/p>\n\n\n\n<p>&nbsp;&nbsp;&nbsp;&nbsp;&nbsp;&nbsp;&nbsp;&nbsp;&nbsp;&nbsp;&nbsp; Yolun a\u00e7\u0131k ufkun geni\u015f olsun Mertol. Seni y\u00fcrekten alk\u0131\u015fl\u0131yoruz.<\/p>\n\n\n\n<p>&nbsp;&nbsp;&nbsp;&nbsp;&nbsp;&nbsp;&nbsp;&nbsp;&nbsp;&nbsp;&nbsp; Mahiye Morg\u00fcl \/ Son g\u00fcncelleme 6.5.2023<\/p>\n\n\n\n<p><\/p>\n","protected":false},"excerpt":{"rendered":"<p>2 May\u0131s 2023 ak\u015fam\u0131 \u0130spanya\u2019da yap\u0131lan piyano yar\u0131\u015fmas\u0131nda dahi yetenek Mertol Demirelli o\u011flumuz d\u00fcnya \u00fc\u00e7\u00fcnc\u00fcs\u00fc oldu. Yar\u0131\u015fmay\u0131 canl\u0131 yay\u0131n izleyen bir m\u00fczikolog olarak \u015funu rahatl\u0131kla&#8230;<\/p>\n<div class=\"more-link-wrapper\"><a class=\"more-link\" href=\"https:\/\/mahiye.com\/index.php\/2023\/05\/03\/genc-piyanistimiz-mertol-demirelli-dunya-ucuncusu-oldu-5-5-2023\/\">Devam\u0131n\u0131 Oku<span class=\"screen-reader-text\">Gen\u00e7 Piyanistimiz Mertol Demirelli D\u00fcnya \u00dc\u00e7\u00fcnc\u00fcs\u00fc Oldu (3.5.2023)<\/span><\/a><\/div>\n","protected":false},"author":2,"featured_media":0,"comment_status":"closed","ping_status":"open","sticky":false,"template":"","format":"standard","meta":{"spay_email":""},"categories":[1],"tags":[],"jetpack_featured_media_url":"","_links":{"self":[{"href":"https:\/\/mahiye.com\/index.php\/wp-json\/wp\/v2\/posts\/1630"}],"collection":[{"href":"https:\/\/mahiye.com\/index.php\/wp-json\/wp\/v2\/posts"}],"about":[{"href":"https:\/\/mahiye.com\/index.php\/wp-json\/wp\/v2\/types\/post"}],"author":[{"embeddable":true,"href":"https:\/\/mahiye.com\/index.php\/wp-json\/wp\/v2\/users\/2"}],"replies":[{"embeddable":true,"href":"https:\/\/mahiye.com\/index.php\/wp-json\/wp\/v2\/comments?post=1630"}],"version-history":[{"count":8,"href":"https:\/\/mahiye.com\/index.php\/wp-json\/wp\/v2\/posts\/1630\/revisions"}],"predecessor-version":[{"id":1647,"href":"https:\/\/mahiye.com\/index.php\/wp-json\/wp\/v2\/posts\/1630\/revisions\/1647"}],"wp:attachment":[{"href":"https:\/\/mahiye.com\/index.php\/wp-json\/wp\/v2\/media?parent=1630"}],"wp:term":[{"taxonomy":"category","embeddable":true,"href":"https:\/\/mahiye.com\/index.php\/wp-json\/wp\/v2\/categories?post=1630"},{"taxonomy":"post_tag","embeddable":true,"href":"https:\/\/mahiye.com\/index.php\/wp-json\/wp\/v2\/tags?post=1630"}],"curies":[{"name":"wp","href":"https:\/\/api.w.org\/{rel}","templated":true}]}}