{"id":1827,"date":"2024-10-21T18:16:20","date_gmt":"2024-10-21T15:16:20","guid":{"rendered":"http:\/\/mahiye.com\/?p=1827"},"modified":"2024-10-21T18:16:22","modified_gmt":"2024-10-21T15:16:22","slug":"denk-butce-istiyoruz-21-10-2024","status":"publish","type":"post","link":"https:\/\/mahiye.com\/index.php\/2024\/10\/21\/denk-butce-istiyoruz-21-10-2024\/","title":{"rendered":"Denk B\u00fct\u00e7e \u0130stiyoruz (21.10.2024)"},"content":{"rendered":"\n<p>2025 b\u00fct\u00e7esi haz\u0131rland\u0131 ve haz\u0131rlan\u0131rken &#8220;denk b\u00fct\u00e7e&#8221;&nbsp;zorunlulu\u011funa&nbsp;dikkat edilmedi. Buna yasal itiraz etmek isteyenler i\u00e7in kanunda buna ili\u015fkin h\u00fck\u00fcmler arad\u0131m ve buldum.<\/p>\n\n\n\n<p>\u00d6ncelikle bu a\u00e7\u0131k b\u00fct\u00e7eye itiraz etmek i\u00e7in yasal dayanak arayan CHP milletvekilleri olmal\u0131 diye umuyorum, onlara sunaca\u011f\u0131m. Link veriyorum:<\/p>\n\n\n\n<figure class=\"wp-block-embed\"><div class=\"wp-block-embed__wrapper\">\nhttps:\/\/www.sbb.gov.tr\/wp-content\/uploads\/2021\/02\/Bolum_1-2.pdf\n<\/div><\/figure>\n\n\n\n<p>&nbsp; &nbsp;&nbsp;&nbsp;&nbsp;&nbsp;&nbsp;&nbsp;&nbsp;&nbsp; <strong>5018 Say\u0131l\u0131 Kanunda Yer Alan Temel B\u00fct\u00e7e \u0130lkeleri<\/strong><\/p>\n\n\n\n<p>3.prg: \u201cBunun yan\u0131nda b\u00fct\u00e7eler haz\u0131rlan\u0131rken b\u00fct\u00e7ede kamu mali i\u015flemlerinin&nbsp;kapsaml\u0131 ve saydam bir \u015fekilde g\u00f6r\u00fclece\u011fi, t\u00fcm gelir ve giderlerin gayri safi olarak g\u00f6sterilece\u011fi, belirli gelirlerin belirli giderlere tahsis edilemeyece\u011fi,&nbsp;<strong>gelir ve gider denkli\u011finin sa\u011flanaca\u011f\u0131<\/strong>,&nbsp;b\u00fct\u00e7elerde b\u00fct\u00e7eyi ilgilendirmeyen hususlara yer verilemeyece\u011fi gibi ilkeler de Kanunda d\u00fczenlenmektedir.\u201d<\/p>\n\n\n\n<p>Cumhurba\u015fkan\u0131 yard\u0131mc\u0131s\u0131 taraf\u0131ndan a\u00e7\u0131klanan b\u00fct\u00e7e tasla\u011f\u0131na g\u00f6re 2025 Merkezi B\u00fct\u00e7e Kanun Tasar\u0131s\u0131;<\/p>\n\n\n\n<p><strong>2025 y\u0131l\u0131 b\u00fct\u00e7e gelirleri 12 Trilyon 800 Milyar<\/strong> <strong>TL<\/strong> olarak tahmin edilmi\u015ftir.<\/p>\n\n\n\n<p><strong>B\u00fct\u00e7e giderleri ise, 14 Trilyon 730 Milyar TL <\/strong>&nbsp;olarak planlanm\u0131\u015ft\u0131r.<\/p>\n\n\n\n<p>G\u00f6r\u00fcld\u00fc\u011f\u00fc gibi, DENK B\u00dcT\u00c7E de\u011fildir. 1 Trilyon 930 Milyar TL a\u00e7\u0131k \u00f6ng\u00f6r\u00fcl\u00fcyor. Bu a\u00e7\u0131k hangi bor\u00e7lanma ile kar\u015f\u0131lanacakt\u0131r?<\/p>\n\n\n\n<p>Atat\u00fcrk\u2019e g\u00f6re bu b\u00fct\u00e7e T\u00fcrkiye Cumhuriyetinin biraz daha ba\u011f\u0131ms\u0131zl\u0131\u011f\u0131n\u0131 yok etme &nbsp;b\u00fct\u00e7esidir.<\/p>\n\n\n\n<p>&nbsp;&nbsp;&nbsp;&nbsp;&nbsp;&nbsp;&nbsp;&nbsp;&nbsp;&nbsp;&nbsp; \u0130smet \u0130n\u00f6n\u00fc\u2019ye&nbsp;g\u00f6re ise T\u00fcrk milletini tam manas\u0131yla biraz daha iflasa s\u00fcr\u00fckleme b\u00fct\u00e7esidir.<\/p>\n\n\n\n<p>&nbsp;&nbsp;&nbsp;&nbsp;&nbsp;&nbsp;&nbsp;&nbsp;&nbsp;&nbsp;&nbsp; An\u0131msayal\u0131m, Atat\u00fcrk \u015f\u00f6yle demi\u015fti:<\/p>\n\n\n\n<p><strong>\u201cBug\u00fcnk\u00fc sava\u015fmalar\u0131m\u0131z\u0131n gayesi tam ba\u011f\u0131ms\u0131zl\u0131kt\u0131r. Ba\u011f\u0131ms\u0131zl\u0131\u011f\u0131n b\u00fct\u00fcn\u00fc ise ancak mali ba\u011f\u0131ms\u0131zl\u0131kla m\u00fcmk\u00fcnd\u00fcr. Mali ba\u011f\u0131ms\u0131zl\u0131\u011f\u0131n korunmas\u0131 i\u00e7in ilk \u015fart b\u00fct\u00e7enin ekonomik b\u00fcnye ile orant\u0131l\u0131 ve DENK olmas\u0131d\u0131r.\u201d<\/strong><\/p>\n\n\n\n<p>\u0130smet \u0130n\u00f6n\u00fc, 14 May\u0131s 1952\u2019de denk b\u00fct\u00e7e kural\u0131n\u0131 terk eden DP i\u00e7in \u015f\u00f6yle demi\u015fti:<\/p>\n\n\n\n<p><strong>\u201cB\u00fct\u00e7e a\u00e7\u0131\u011f\u0131, bir milleti, rutubetin bir binay\u0131 \u00e7\u00f6kertmesi gibi yok eder.\u201d<\/strong><\/p>\n\n\n\n<p>\u0130ktidar oldu\u011fundan beri her y\u0131l Denk B\u00fct\u00e7e kural\u0131na uymayan AKP iktidar\u0131, Cumhurba\u015fkanl\u0131\u011f\u0131 sistemiyle beraber a\u00e7\u0131k b\u00fct\u00e7e makas\u0131n\u0131 giderek b\u00fcy\u00fctmeye ge\u00e7mi\u015ftir.<\/p>\n\n\n\n<p>Bu b\u00fct\u00e7eden MEB\u2019na ve Sa\u011fl\u0131k Bakanl\u0131\u011f\u0131na ayr\u0131lan b\u00fct\u00e7eyi d\u00fc\u015f\u00fcn\u00fcyorum da, o bor\u00e7 paralar kimlerin cebine transfer edilecek bilemiyoruz. \u00d6ncelikle MEB ile protokol imzalam\u0131\u015f olan vak\u0131f ve dersanelere, sonra i\u00e7i bo\u015f renkli pahal\u0131 kitaplar basan yay\u0131nevlerine, sonra plastik oyuncak\u00e7\u0131lara, \u00e7\u00fcnk\u00fc ilkokullar\u0131 oyun okuluna \u00e7evirdi\u011fimiz i\u00e7in plastik oyun malzemesi yapan \u015firketler \u00fcretimde patlad\u0131. Erken davrananlar peygamberlerin \u00e7ocukluk oyuncaklar\u0131n\u0131 ah\u015faptan \u00fcretirler art\u0131k.<\/p>\n\n\n\n<p>Ve \u00d6\u011fretmen Akademisi harcamalar\u0131na gider. \u00c7\u00fcnk\u00fc yeni \u00d6\u011fretmenlik Meslek Kanununa g\u00f6re bu birim bundan sonra MEB\u2019den i\u015fleri devralacak, devlet memuru \u00f6\u011fretmenlik B\u0130TT\u0130! ABD\u2019deki gibi, \u00f6\u011fretmenlik piyasada her hangi bir meslek stat\u00fcs\u00fcne indirildi, ad\u0131 da \u201c\u00f6\u011fretici\u201d oldu. MEB kendini piyasaya devrederek la\u011fvediliyor, finale az kald\u0131, eyalet sistemine ge\u00e7ip Y\u00d6K de kapan\u0131nca tamamd\u0131r. E\u011fitimde \u00e7eteleri as\u0131l o zaman g\u00f6rece\u011fiz.<\/p>\n\n\n\n<p>Sa\u011fl\u0131k Bakanl\u0131\u011f\u0131nda ise skandallarla \u00f6\u011freniyoruz paralar\u0131n \u00e7etelere nas\u0131l gitti\u011fini. Yazmak bile i\u00e7imi ac\u0131t\u0131yor. B\u00fcy\u00fck \u00e7\u00fcr\u00fcm\u00fc\u015fl\u00fck i\u00e7inde y\u00fcz\u00fcyoruz. Buraya nas\u0131l geldik, anayasay\u0131 bir kere delmekle bir \u015fey olmaz diyenleri unutmad\u0131k.<\/p>\n\n\n\n<p>E\u011fitimde \u00e7\u00fcr\u00fcm\u00fc\u015fl\u00fc\u011f\u00fc \u0130dare Mahkemelerinde a\u00e7t\u0131\u011f\u0131m davalarla ve Ankara Cumhuriyet Savc\u0131l\u0131\u011f\u0131na yapt\u0131\u011f\u0131m su\u00e7 duyurular\u0131yla tarihe yazd\u0131m. Ders kitaplar\u0131nda, pornodan, \u00e7eteye \u00f6zendirmekten, \u00e7ocu\u011fu yaln\u0131zla\u015ft\u0131rmaktan, \u00e7irkinlik \u00f6rneklerinden, &nbsp;T\u00fcrk\u00e7e ve \u0130ngilizce derslerinde Evangelist reklamlar\u0131yla ak\u0131l d\u0131\u015f\u0131 \u00e7izgi filmlerle konu i\u015flemekten, kavramlar\u0131 bozmaktan, vb yanl\u0131\u015ftan ge\u00e7ilmiyor. De\u011ferler e\u011fitimi diyerek ya\u015fl\u0131yla alay etmek, milli ve dini bayramlarla dalga ge\u00e7mek, Rafadan Tayfa gibi sokak \u00e7etesi adlar\u0131na \u00e7ocuklar\u0131 \u00f6zendirmek, manevi varl\u0131\u011f\u0131m\u0131zla alay eden abuk subuk varl\u0131k e\u015fle\u015ftirmeleri yapt\u0131rmak, vb yollarla \u00e7ocu\u011fu ailesinden ve ya\u015fad\u0131\u011f\u0131 toplumdan so\u011futacak \u015fekilde, beden sa\u011fl\u0131\u011f\u0131n\u0131, ak\u0131l ve ruh sa\u011fl\u0131\u011f\u0131n\u0131 bozacak \u015fekilde \u00e7ok k\u00f6t\u00fc bir e\u011fitim program\u0131 kullan\u0131yoruz ve bunun i\u00e7in bor\u00e7 b\u00fct\u00e7esi haz\u0131rl\u0131yoruz.&nbsp; Eyvah eyvah!<\/p>\n\n\n\n<p>Kendi nesillerimizi yanl\u0131\u015f e\u011fitip korumad\u0131\u011f\u0131m\u0131za g\u00f6re bundan kim kazan\u0131yor?<\/p>\n\n\n\n<p>Bor\u00e7 istemeye hangi kap\u0131y\u0131 \u00e7alaca\u011f\u0131z, o zaman g\u00f6rece\u011fiz kimin kazand\u0131\u011f\u0131n\u0131. Sata sata buraya kadar geldik, vere vere kalmad\u0131.<\/p>\n\n\n\n<p>&nbsp;\u201cAskerin kan\u0131n\u0131 satars\u0131n\u0131z\u201d diyen birisi vard\u0131, acaba ona m\u0131 s\u0131ra geldi?<\/p>\n\n\n\n<p>Art\u0131k yetti. Kamucu t\u00f6remizi \u00f6zledik. Hani \u015fu bat\u0131l\u0131 vah\u015filerin \u201cdemokrasi\u201d dedikleri a\u00e7\u0131k toplumla buraya kadar. Demokrasi dedikleri i\u015fte bu. ABD\u2019nin sosyetesi de \u00e7ok demokrat skandallarla \u00e7alkalan\u0131yor. \u00c7\u00fcr\u00fcd\u00fc demokrasi. Sosyal devlet gelsin!<\/p>\n\n\n\n<p>&nbsp;Biz yabanc\u0131 sermayenin emperyalist boyunduru\u011funa kapal\u0131, halk\u00e7\u0131, devlet\u00e7i, kamucu, devrimci, milliyet\u00e7i, kendimize \u00f6zg\u00fc Cumhuriyet\u00e7i laik sisteme d\u00f6n\u00fc\u015f istiyoruz.<\/p>\n\n\n\n<p>Bu nedenle denk b\u00fct\u00e7e istiyoruz.<\/p>\n\n\n\n<p>Son olarak:<\/p>\n\n\n\n<p>Denk b\u00fct\u00e7e konusunda \u0131srarl\u0131 yaz\u0131lar\u0131yla y\u0131llardan beri bizi ayd\u0131nlatan de\u011ferli kalem arkada\u015f\u0131m ve hem\u015fehrim Op.Dr.Aytekin Ertu\u011frul\u2019a bug\u00fcn bana ilham verdi\u011fi i\u00e7in \u00e7ok \u00f6zel te\u015fekk\u00fcr ediyorum.<\/p>\n\n\n\n<p>Mahiye Morg\u00fcl \/21.10.2024 -Rize<\/p>\n","protected":false},"excerpt":{"rendered":"<p>2025 b\u00fct\u00e7esi haz\u0131rland\u0131 ve haz\u0131rlan\u0131rken &#8220;denk b\u00fct\u00e7e&#8221;&nbsp;zorunlulu\u011funa&nbsp;dikkat edilmedi. Buna yasal itiraz etmek isteyenler i\u00e7in kanunda buna ili\u015fkin h\u00fck\u00fcmler arad\u0131m ve buldum. \u00d6ncelikle bu a\u00e7\u0131k b\u00fct\u00e7eye&#8230;<\/p>\n<div class=\"more-link-wrapper\"><a class=\"more-link\" href=\"https:\/\/mahiye.com\/index.php\/2024\/10\/21\/denk-butce-istiyoruz-21-10-2024\/\">Devam\u0131n\u0131 Oku<span class=\"screen-reader-text\">Denk B\u00fct\u00e7e \u0130stiyoruz (21.10.2024)<\/span><\/a><\/div>\n","protected":false},"author":2,"featured_media":0,"comment_status":"closed","ping_status":"open","sticky":false,"template":"","format":"standard","meta":{"spay_email":""},"categories":[1],"tags":[],"jetpack_featured_media_url":"","_links":{"self":[{"href":"https:\/\/mahiye.com\/index.php\/wp-json\/wp\/v2\/posts\/1827"}],"collection":[{"href":"https:\/\/mahiye.com\/index.php\/wp-json\/wp\/v2\/posts"}],"about":[{"href":"https:\/\/mahiye.com\/index.php\/wp-json\/wp\/v2\/types\/post"}],"author":[{"embeddable":true,"href":"https:\/\/mahiye.com\/index.php\/wp-json\/wp\/v2\/users\/2"}],"replies":[{"embeddable":true,"href":"https:\/\/mahiye.com\/index.php\/wp-json\/wp\/v2\/comments?post=1827"}],"version-history":[{"count":1,"href":"https:\/\/mahiye.com\/index.php\/wp-json\/wp\/v2\/posts\/1827\/revisions"}],"predecessor-version":[{"id":1828,"href":"https:\/\/mahiye.com\/index.php\/wp-json\/wp\/v2\/posts\/1827\/revisions\/1828"}],"wp:attachment":[{"href":"https:\/\/mahiye.com\/index.php\/wp-json\/wp\/v2\/media?parent=1827"}],"wp:term":[{"taxonomy":"category","embeddable":true,"href":"https:\/\/mahiye.com\/index.php\/wp-json\/wp\/v2\/categories?post=1827"},{"taxonomy":"post_tag","embeddable":true,"href":"https:\/\/mahiye.com\/index.php\/wp-json\/wp\/v2\/tags?post=1827"}],"curies":[{"name":"wp","href":"https:\/\/api.w.org\/{rel}","templated":true}]}}