{"id":1836,"date":"2024-11-19T19:49:27","date_gmt":"2024-11-19T16:49:27","guid":{"rendered":"http:\/\/mahiye.com\/?p=1836"},"modified":"2024-11-19T19:49:29","modified_gmt":"2024-11-19T16:49:29","slug":"yusuf-tekin-neden-laiklik-tanimini-degistirdi-19-11-2024","status":"publish","type":"post","link":"https:\/\/mahiye.com\/index.php\/2024\/11\/19\/yusuf-tekin-neden-laiklik-tanimini-degistirdi-19-11-2024\/","title":{"rendered":"Yusuf Tekin Neden Laiklik Tan\u0131m\u0131n\u0131 De\u011fi\u015ftirdi (19.11.2024)"},"content":{"rendered":"\n<p>&nbsp;&nbsp;&nbsp;&nbsp;&nbsp;&nbsp;&nbsp;&nbsp;&nbsp;&nbsp;&nbsp;&nbsp;&nbsp;&nbsp;&nbsp;&nbsp;&nbsp;&nbsp;&nbsp;&nbsp;&nbsp;&nbsp;&nbsp;&nbsp;&nbsp;&nbsp;&nbsp;&nbsp;&nbsp;&nbsp; <strong>Yusuf Tekin Laiklik Tan\u0131m\u0131n\u0131 Neden De\u011fi\u015ftirdi<\/strong><\/p>\n\n\n\n<p>&nbsp;&nbsp;&nbsp;&nbsp;&nbsp;&nbsp;&nbsp;&nbsp;&nbsp;&nbsp;&nbsp; Bakanl\u0131\u011f\u0131m\u0131z her \u015feyi yenid\u00fcnya d\u00fczenine g\u00f6re yeniden d\u00fczenliyor. Haritalar gibi T\u00fcrk\u00e7e kavramlar da de\u011fi\u015fiyor, bilinen oturmu\u015f s\u00f6zc\u00fckler anlam\u0131ndan uzakla\u015ft\u0131r\u0131l\u0131yor. Maksat beyinleri buland\u0131rmak, zihinsel i\u015fgali ger\u00e7ekle\u015ftirmek.<\/p>\n\n\n\n<p>&nbsp;&nbsp;&nbsp;&nbsp;&nbsp;&nbsp;&nbsp;&nbsp;&nbsp;&nbsp;&nbsp; T\u00fcrk\u00e7e kavramlar\u0131 de\u011fi\u015ftirme plan\u0131 D\u00fcnya Bankas\u0131ndan geldi. Bor\u00e7lan\u0131p emir ald\u0131\u011f\u0131m\u0131z, devlet mal\u0131 ne varsa sat\u0131n emri verilen yerden. 1995 y\u0131l\u0131nda Tansu \u00c7iller\u2019in imzalad\u0131\u011f\u0131 GATS s\u00f6zle\u015fmesiyle SPAN adl\u0131 Amerikan Heyeti geldi \u00f6nce, onlar bu program\u0131 y\u00fcr\u00fctecek yerel elemanlar\u0131 yeti\u015ftirdiler. E\u011fitim kavramlar\u0131 de\u011fi\u015ftirildi. B\u00f6yle olmaz diyenlere \u201c\u015fimdi b\u00f6yle\u201d cevab\u0131 veriyorlard\u0131. \u00d6rne\u011fin, a\u011f\u0131rl\u0131k yerine \u201ck\u00fctle\u201d girdi Matematik kitab\u0131na. Kendi y\u00fcksek seviyeli Fen Bilimleri e\u011fitimimize \u00e7ok \u015fey \u00f6\u011fretiyorsunuz, azalt\u0131n dediler, \u201cezberci e\u011fitim\u201d yaftas\u0131 takt\u0131lar.<\/p>\n\n\n\n<p>&nbsp;&nbsp;&nbsp;&nbsp;&nbsp;&nbsp;&nbsp;&nbsp;&nbsp;&nbsp;&nbsp; Bilimsel d\u00fc\u015f\u00fcnmeyi ba\u015ftan buland\u0131rd\u0131lar. Geometri \u00e7izimleri \u201cne gere\u011fi var\u201d diyerek kald\u0131r\u0131ld\u0131, \u00e7ocuklar\u0131n elleri pergel cetvel iletki tutamaz hale getirildi, \u015fimdi cerrah olam\u0131yorlar, m\u00fchendislik \u00e7izimi yapam\u0131yorlar.<\/p>\n\n\n\n<p>B\u00fct\u00fcn e\u011fitim dili alt \u00fcst oldu, bilimsel kavramlar oynad\u0131. Beyin i\u015fgali ger\u00e7ekle\u015fti. B\u00f6yle bir y\u0131k\u0131m ancak bir sava\u015f program\u0131yla olabilirdi. BOP\u2019un e\u011fitim aya\u011f\u0131 buydu, bunu bizzat ba\u015fbakan\u0131m\u0131z\u0131n a\u011fz\u0131ndan dinlemi\u015ftik.<\/p>\n\n\n\n<p>&nbsp;&nbsp;&nbsp;&nbsp;&nbsp;&nbsp;&nbsp;&nbsp;&nbsp;&nbsp;&nbsp; 2004\u2019de AKP h\u00fck\u00fcmetiyle uygulamaya ge\u00e7ilen SPAN (liberal e\u011fitime ge\u00e7i\u015f g\u00f6revlileri) Amerikan program\u0131n\u0131n ilk uygulay\u0131c\u0131lar\u0131n\u0131n dilleri bize yabanc\u0131yd\u0131. Kavramsal silahlar kullan\u0131yorlard\u0131, akl\u0131m\u0131z da\u011f\u0131l\u0131yordu, \u201c\u00e7oklu zeka\u201d diye uydurduklar\u0131 bir teori ile fak\u00fclteleri tez haz\u0131rlamaya zorluyorlard\u0131. E\u011fitimci yazarl\u0131\u011f\u0131m onlarla sava\u015f\u0131rken ba\u015flad\u0131. 2006 y\u0131l\u0131nda Otopsi yay\u0131nlar\u0131nda bas\u0131lan \u201cMilli E\u011fitimde Emperyalist Ku\u015fatma\u201d adl\u0131 kitab\u0131m\u0131n \u00f6nemli b\u00f6l\u00fcm\u00fc \u201ckavramsal silahlar\u0131\u201d \u00fczerinedir. (Kitap sitemde yay\u0131ndad\u0131r.)<\/p>\n\n\n\n<p>&nbsp;&nbsp;&nbsp;&nbsp;&nbsp;&nbsp;&nbsp;&nbsp;&nbsp;&nbsp;&nbsp; D\u00f6nemin bakan\u0131 H\u00fcseyin \u00c7elik 2006 y\u0131l\u0131nda \u00e7\u0131kt\u0131 ekranlara, yeni bir kelime kulland\u0131, \u201cDesantralizasyona ge\u00e7tik, ekiplerimiz haz\u0131r, 28 kriter haz\u0131rlad\u0131k, ad\u0131m ad\u0131m uyguluyoruz\u201d dedi. Halk\u0131m\u0131z anlamad\u0131 tabii, e\u011fitimciler de anlamad\u0131, anla\u015f\u0131l\u0131rsa k\u0131yamet kopard\u0131. Merkezi devlet yap\u0131m\u0131z\u0131 la\u011fvediyoruz, kamucu sosyal devleti bitiriyoruz diyordu. T\u00fcrk\u00e7e e\u011fitim dilini de bitireceklerini o zaman anlam\u0131\u015ft\u0131m. \u00c7oklu zek\u00e2c\u0131 Ziya Sel\u00e7uk onun Talim Terbiye Kurulu ba\u015fkan\u0131yd\u0131, SPAN heyetiyle tam ekiptiler, hatta onlar\u0131n verdi\u011fi bir kara kitab\u0131 kendi ad\u0131yla bast\u0131rm\u0131\u015ft\u0131.<\/p>\n\n\n\n<p>&nbsp;&nbsp;&nbsp;&nbsp;&nbsp;&nbsp;&nbsp;&nbsp;&nbsp;&nbsp;&nbsp; 2019 y\u0131l\u0131na geldi\u011fimizde bakan Ziya Sel\u00e7uk\u2019tu ve T\u00fcrk\u00e7e e\u011fitim dilini bitirdiklerinin a\u00e7\u0131klamas\u0131n\u0131 onun bas\u0131n a\u00e7\u0131klamas\u0131ndan \u00f6\u011frendik.&nbsp; Yeni s\u00f6zl\u00fck haz\u0131rlad\u0131k demedi de, halk anlamas\u0131n diye yabanc\u0131 kelime kulland\u0131, \u201cCorpus haz\u0131rl\u0131\u011f\u0131m\u0131z\u0131 tamamlad\u0131k\u201d dedi. B\u00fct\u00fcn ders kitaplar\u0131nda en arkaya eklenen s\u00f6zl\u00fc\u011fe bak\u0131n \u015fimdi, g\u00f6receksiniz kelimeler ne hale gelmi\u015f.<\/p>\n\n\n\n<p>&nbsp;&nbsp;&nbsp;&nbsp;&nbsp;&nbsp;&nbsp;&nbsp;&nbsp;&nbsp;&nbsp; Okurlar\u0131m bilir. Ders kitaplar\u0131na a\u00e7t\u0131\u011f\u0131m davalarda kitaba koyduklar\u0131 ak\u0131l kar\u0131\u015ft\u0131r\u0131c\u0131 pek \u00e7ok g\u00f6rseli ve kelimeyi g\u00f6zler \u00f6n\u00fcne serdim, milli ve manevi de\u011ferlerimizi nas\u0131l a\u015fa\u011f\u0131lad\u0131klar\u0131n\u0131 g\u00f6sterdim. Bilinen kavramlar anlamlar\u0131ndan kopmu\u015f, bilim dili bozulmu\u015f, \u00e7arp\u0131t\u0131lm\u0131\u015f, anlams\u0131z hale getirilmi\u015fti. U\u00e7urumdan at\u0131lan \u00e7ocu\u011fun foto\u011fraf\u0131na son bir kare daha gelecekti, Yusuf Tekin ile \u015fimdi o geldi. Bak\u0131n ne geldi?<\/p>\n\n\n\n<p>&nbsp;&nbsp;&nbsp;&nbsp;&nbsp;&nbsp;&nbsp;&nbsp;&nbsp;&nbsp;&nbsp; LA\u0130KL\u0130K NED\u0130R alg\u0131s\u0131yla oynuyor bu bakan. Tarifi yeniden yap\u0131ld\u0131, anlam\u0131 de\u011fi\u015ftirildi. 2004\u2019den beri e\u011fitim diliyle oynad\u0131klar\u0131n\u0131n ayn\u0131s\u0131. Bakan Tekin bu de\u011fi\u015fimi neden ekranlardan halka yap\u0131yor, soracak olursan\u0131z, \u00e7\u00fcnk\u00fc yeti\u015fkinlerin kafas\u0131ndaki oturmu\u015f kavram\u0131 de\u011fi\u015ftirmektir as\u0131l hedefi. Bu yolla \u00e7at\u0131\u015fma teorisine de hizmet edecek ki SPAN Amerikan heyetinin istedi\u011fi sonuca ula\u015f\u0131ls\u0131n. Laikli\u011fi savunanlarla laiklik kar\u015f\u0131tlar\u0131n\u0131 kar\u015f\u0131 kar\u015f\u0131ya getirebilmek ilk hedefleri. \u015eu s\u0131ralar ekranlarda ba\u015flat\u0131lan kavgan\u0131n fark\u0131ndas\u0131n\u0131z. Daha sonras\u0131 da var.<\/p>\n\n\n\n<p>&nbsp;&nbsp;&nbsp;&nbsp;&nbsp;&nbsp;&nbsp;&nbsp;&nbsp;&nbsp;&nbsp; Laikli\u011fin bilinen anlam\u0131 en basitinden \u015f\u00f6yle; dinin siyasete alet edilmemesi i\u00e7in \u201cdin i\u015fleriyle devlet i\u015flerinin birbirinden ayr\u0131lmas\u0131\u201dd\u0131r. Asl\u0131nda dinin kirli siyasetten korunmas\u0131 i\u00e7in de laiklik elzemdir. Cumhuriyet rejimi bunu sa\u011flam\u0131\u015ft\u0131.<\/p>\n\n\n\n<p>\u015eimdi Yusuf Tekin, \u201cLaiklik herkesin ibadetini serbest\u00e7e yapmas\u0131d\u0131r\u201d diyor. Kavram de\u011fi\u015fti. CORPUS \u00e7al\u0131\u015fm\u0131\u015flar!<\/p>\n\n\n\n<p>B\u00f6yle bir tan\u0131m\u0131n ard\u0131ndan her tarikat kendini ayr\u0131 din ilan etmeye gider. Sanmay\u0131n \u0130slam d\u0131\u015f\u0131 olan yurtta\u015flar i\u00e7in ediyor bu laf\u0131, Cumhuriyet hepsini e\u015fit yurtta\u015f yapm\u0131\u015ft\u0131 zaten, hepsi de askere gidebiliyor, kendi ibadetini yap\u0131yor, her fak\u00fcltede okuyabiliyor, milletvekili oluyor, vs. \u015eimdi emperyalist hesap ba\u015fka. Geldi \u201c\u00e7at\u0131\u015fma teorileri\u201d.<\/p>\n\n\n\n<p>Demokratik Laiklik diyecekler ad\u0131na, anayasay\u0131 bunun i\u00e7in de\u011fi\u015ftirecekler, her tarikata ayr\u0131 din stat\u00fcs\u00fc verilsin diyecekler.<\/p>\n\n\n\n<p>Cumhurba\u015fkan\u0131n\u0131n yapaca\u011f\u0131 i\u015fti bu, ama onu y\u0131pratmas\u0131n diye Yusuf Tekin\u2019e verilmi\u015f g\u00f6r\u00fcn\u00fcyor bu a\u00e7\u0131klamalar. Israrla devam ediyor, g\u00fcndemi g\u00fcnlerdir tuttu. Bunun toplum m\u00fchendisli\u011fi g\u00f6revi ona verildi, ak\u0131llara \u201claiklik a\u00e7\u0131l\u0131m\u0131\u201d sokmaya s\u0131ra geldi. S\u00f6zc\u00fc\u011f\u00fcn CORPUS \u00e7al\u0131\u015fmas\u0131 yap\u0131ld\u0131, laiklik kavram\u0131n\u0131n i\u00e7i de\u011fi\u015ftirildi.<\/p>\n\n\n\n<p>\u015eimdilerde laik olan-laik olmayan \u00e7at\u0131\u015fmas\u0131 tetikleniyor, ki\u015fisel kavramm\u0131\u015f gibi ak\u0131llara sokuluyor, ama daha sonra tarikatlar aras\u0131 \u00e7at\u0131\u015fmay\u0131 tetiklemek gelecek \u00f6n\u00fcm\u00fcze.<\/p>\n\n\n\n<p>Laik devlet y\u00f6netimi i\u00e7 sava\u015f\u0131 \u00f6nleyen tek \u00e7imentodur. Hi\u00e7 Osmanl\u0131 i\u00e7 isyanlar\u0131nda \u0130ngiliz k\u0131\u015fk\u0131rtmalar\u0131n\u0131 konu\u015fmayal\u0131m. Atat\u00fcrk yabanc\u0131 okullar\u0131 bo\u015funa kapatmad\u0131.<\/p>\n\n\n\n<p>Yusuf Tekin tarih bilmez, laiklik kavram\u0131 nerden do\u011fdu hi\u00e7 d\u00fc\u015f\u00fcnmez. Onun da\u011f\u0131tt\u0131\u011f\u0131 yeni ders kitaplar\u0131na bak\u0131n, \u00fcf\u00fcr\u00fckten masal hepsi, hemen anlars\u0131n\u0131z. &nbsp;&nbsp;&nbsp;&nbsp;&nbsp;&nbsp;&nbsp;&nbsp;&nbsp;<\/p>\n\n\n\n<p>Mahiye Morg\u00fcl<\/p>\n\n\n\n<p>19.11.2024 -Rize<\/p>\n","protected":false},"excerpt":{"rendered":"<p>&nbsp;&nbsp;&nbsp;&nbsp;&nbsp;&nbsp;&nbsp;&nbsp;&nbsp;&nbsp;&nbsp;&nbsp;&nbsp;&nbsp;&nbsp;&nbsp;&nbsp;&nbsp;&nbsp;&nbsp;&nbsp;&nbsp;&nbsp;&nbsp;&nbsp;&nbsp;&nbsp;&nbsp;&nbsp;&nbsp; Yusuf Tekin Laiklik Tan\u0131m\u0131n\u0131 Neden De\u011fi\u015ftirdi &nbsp;&nbsp;&nbsp;&nbsp;&nbsp;&nbsp;&nbsp;&nbsp;&nbsp;&nbsp;&nbsp; Bakanl\u0131\u011f\u0131m\u0131z her \u015feyi yenid\u00fcnya d\u00fczenine g\u00f6re yeniden d\u00fczenliyor. Haritalar gibi T\u00fcrk\u00e7e kavramlar da de\u011fi\u015fiyor, bilinen oturmu\u015f s\u00f6zc\u00fckler&#8230;<\/p>\n<div class=\"more-link-wrapper\"><a class=\"more-link\" href=\"https:\/\/mahiye.com\/index.php\/2024\/11\/19\/yusuf-tekin-neden-laiklik-tanimini-degistirdi-19-11-2024\/\">Devam\u0131n\u0131 Oku<span class=\"screen-reader-text\">Yusuf Tekin Neden Laiklik Tan\u0131m\u0131n\u0131 De\u011fi\u015ftirdi (19.11.2024)<\/span><\/a><\/div>\n","protected":false},"author":2,"featured_media":0,"comment_status":"closed","ping_status":"open","sticky":false,"template":"","format":"standard","meta":{"spay_email":""},"categories":[1],"tags":[],"jetpack_featured_media_url":"","_links":{"self":[{"href":"https:\/\/mahiye.com\/index.php\/wp-json\/wp\/v2\/posts\/1836"}],"collection":[{"href":"https:\/\/mahiye.com\/index.php\/wp-json\/wp\/v2\/posts"}],"about":[{"href":"https:\/\/mahiye.com\/index.php\/wp-json\/wp\/v2\/types\/post"}],"author":[{"embeddable":true,"href":"https:\/\/mahiye.com\/index.php\/wp-json\/wp\/v2\/users\/2"}],"replies":[{"embeddable":true,"href":"https:\/\/mahiye.com\/index.php\/wp-json\/wp\/v2\/comments?post=1836"}],"version-history":[{"count":1,"href":"https:\/\/mahiye.com\/index.php\/wp-json\/wp\/v2\/posts\/1836\/revisions"}],"predecessor-version":[{"id":1837,"href":"https:\/\/mahiye.com\/index.php\/wp-json\/wp\/v2\/posts\/1836\/revisions\/1837"}],"wp:attachment":[{"href":"https:\/\/mahiye.com\/index.php\/wp-json\/wp\/v2\/media?parent=1836"}],"wp:term":[{"taxonomy":"category","embeddable":true,"href":"https:\/\/mahiye.com\/index.php\/wp-json\/wp\/v2\/categories?post=1836"},{"taxonomy":"post_tag","embeddable":true,"href":"https:\/\/mahiye.com\/index.php\/wp-json\/wp\/v2\/tags?post=1836"}],"curies":[{"name":"wp","href":"https:\/\/api.w.org\/{rel}","templated":true}]}}