{"id":1866,"date":"2025-02-15T01:08:19","date_gmt":"2025-02-14T22:08:19","guid":{"rendered":"http:\/\/mahiye.com\/?p=1866"},"modified":"2025-02-15T01:08:21","modified_gmt":"2025-02-14T22:08:21","slug":"biz-oguzogullariyiz-14-12-2024","status":"publish","type":"post","link":"https:\/\/mahiye.com\/index.php\/2025\/02\/15\/biz-oguzogullariyiz-14-12-2024\/","title":{"rendered":"Biz O\u011fuzo\u011fullar\u0131y\u0131z (14.12.2024)"},"content":{"rendered":"\n<p>Bu ifade Mustafa Kemal Atat\u00fcrk\u2019\u00fcn askeri lise y\u0131llar\u0131nda yazd\u0131\u011f\u0131 \u015fiirin ba\u015fl\u0131\u011f\u0131d\u0131r. Fen dersleri de olduk\u00e7a iyi olan Mustafa Kemal\u2019e edebiyat \u00f6\u011fretmeni bu \u015fiiri \u00fczerine \u201cSen ileride \u00e7ok iyi bir asker olacaks\u0131n, \u015fiire devam etmeni istemiyorum\u201d der.<\/p>\n\n\n\n<p>Biz biliyoruz ki Mustafa Kemal\u2019in tarih dersleri de \u00e7ok iyiydi. Okulda verilen tarih bilgisinden daha fazlas\u0131na sahipti. Biz O\u011fuzo\u011fullar\u0131y\u0131z \u015fiiri de engin tarih bilgisini bize g\u00f6steriyor. Atat\u00fcrk, \u201cTarih akar gelir, bir yerden kesilmez\u201d demi\u015fti. Milat denilen tarihin s\u0131f\u0131rlanmas\u0131n\u0131 kabul etmiyordu.<\/p>\n\n\n\n<p>Peki, kimdi kendilerini tarihe yazd\u0131ran bu O\u011fuzlar? Devlet kurmadan kendilerini tarihe yazmak m\u00fcmk\u00fcn m\u00fcyd\u00fc? Devlet kurmak ordu kurmayla ba\u015flad\u0131\u011f\u0131na g\u00f6re, ordu ise halk\u0131n\u0131 d\u00fc\u015fmandan korumak i\u00e7in kurulaca\u011f\u0131na g\u00f6re hangi d\u00fc\u015fmana kar\u015f\u0131 ordular kuruyorlard\u0131? Birle\u015fik ordular kurdular, onluk sistem olu\u015fturdular, alt\u0131n ordular kurdular, gizli \u00e7al\u0131\u015ft\u0131lar ve M\u00d6 88\u2019de bir bahar ak\u015fam\u0131 t\u00fcm Anadolu\u2019dan tefeci bankerleri sildiler, 22 O\u011fuz boyundan 8 b\u00fcy\u00fck ordu kurup Roma ile 48 y\u0131l sava\u015ft\u0131lar, kimdi bunlar?<\/p>\n\n\n\n<p>T\u00f6re anayasayd\u0131. Bor\u00e7 almayacak, kuman ya\u015fayacak, ordu kuracakt\u0131\u2026<\/p>\n\n\n\n<p>O\u011fuzlu devlet t\u00f6resi ordu kurma t\u00f6residir, bir kere bunu not edelim. Halk\u0131na kol kanat germek i\u00e7in ordu kurulur. B\u00fcy\u00fck \u015fahlan\u0131\u015flarda (uyan\u0131\u015flarda) ve kutlamalarda O\u011fuz davullar\u0131 \u00e7al\u0131n\u0131r. Bu t\u00f6reyi en son 27 Aral\u0131k 1919\u2019da tarihe yazd\u0131k; Atat\u00fcrk\u2019\u00fcn Hac\u0131bekta\u015f\u2019tan Ankara\u2019ya geli\u015finde, Dikmen K\u0131z\u0131lcabay\u0131r\u2019dan O\u011fuzk\u0131r\u0131\u2019na indikleri yerde O\u011fuz ate\u015fleri yak\u0131ld\u0131 ve Mustafa Kemal\u2019i kar\u015f\u0131lamaya 70 zurna&nbsp; ile 300 k\u00f6s davulu \u00e7al\u0131nd\u0131.<\/p>\n\n\n\n<p>&nbsp;O\u011fuz davulu \u00f6k\u00fcz (O\u011fuzca O\u00e7uz) derisinden yap\u0131ld\u0131\u011f\u0131 i\u00e7in bu davullara K\u00d6S\/KOS &nbsp;(O\u011fuzca \u00c7os davulu) denir. O\u011fuz(Okhus) ile Kos sesde\u015ftir ve buradan tarihteki Sele-u KOS devlet ad\u0131na ula\u015f\u0131r\u0131z. Akmenid O\u011fuzlu \u0130mpartorlu\u011funun y\u0131k\u0131lmas\u0131yla kurulan, ba\u015fkenti Silifke (Selevkia) olan, Toros da\u011flar\u0131ndan Filistin\u2019e uzanan, Ankara\u2019dan M\u0131s\u0131r\u2019a kadar, Bereketli Hilal topraklar\u0131n\u0131 kucaklayan co\u011frafyan\u0131n egemen devleti, SELEV-KOS\u2019lar. Ortas\u0131nda \u015eam ve bilim \u015fehri Palmira vard\u0131. Ad\u0131n\u0131n a\u00e7\u0131l\u0131m\u0131 KOS Ulusu, ya da O\u011fuz G\u00fcne\u015fi olur. Bilim ba\u015fkenti \u015eam\u2019d\u0131. Eski ad\u0131 Dimaz-Kos&nbsp; a\u00e7\u0131l\u0131m\u0131nda keza KOS ad\u0131n\u0131 g\u00f6rebiliyoruz.<\/p>\n\n\n\n<p>\u015eam\u2019daki Emeviye camisi, Selev-Kos kral\u0131 Gelini-Kos (Gelini O\u011fuz) taraf\u0131ndan, Sinop\u2019tan gelin ald\u0131\u011f\u0131 Ba\u015fo\u011fuzlu prenses Ladike (IV.Mitridate\u2019nin k\u0131z\u0131) onuruna yap\u0131lm\u0131\u015ft\u0131r. G\u00fcne\u015f semboll\u00fc O\u011fuzlar\u0131n G\u00f6k Bilimevi olarak yapt\u0131\u011f\u0131 bu binay\u0131 MS.70 y\u0131l\u0131nda Kud\u00fcs\u2019\u00fc ve \u015eam\u2019\u0131 i\u015fgal eden Yahudi tefeci korsanlar buray\u0131 Sinagog yapt\u0131lar ve kulelerden birini soyduklar\u0131 m\u00fccevher kasalar\u0131n\u0131 muhafaza i\u00e7in kulland\u0131lar. Bu d\u00f6nem k\u0131sa s\u00fcrd\u00fc, \u00e7\u00fcnk\u00fc \u00c7erkezyal\u0131 O\u011fuzo\u011fullar\u0131 Sasani bilim uygarl\u0131\u011f\u0131n\u0131 kurdular, tefecili\u011fi bitirdiler ve Urfa merkezli bir T\u00fcrkmeneli eyaleti kuruldu ve Palmira kral\u0131 Ni\u011fdeli Do\u011fan Bey ile krali\u00e7e Leyla Zeynep Sultan tarih sahnesine \u00e7\u0131kt\u0131. &nbsp;<\/p>\n\n\n\n<p>Ba\u015fo\u011fuzlu \u0130mparator VI.Mitridates\u2019in kolundan Leyla Zeynep Sultan\u2019\u0131n 14 \u015eubat 273 y\u0131l\u0131nda esir g\u00f6t\u00fcr\u00fcld\u00fc\u011f\u00fc Roma\u2019da \u00f6ld\u00fcr\u00fclmesiyle beraber Roma kral\u0131 Glaudio t\u00fcm Roma erkeklerini O\u011fuz bilimevlerini y\u0131kmak \u00fczere Anadolu\u2019ya g\u00f6nderdi; Leyla Zeynep\u2019in yapt\u0131rd\u0131\u011f\u0131 Ankara Avgusto bilimevi, Adana Tuana K\u00fct\u00fcphnesi, Kemerhisar Apollonius Bilimevi, Ni\u011fde G\u00fcm\u00fc\u015fler \u015eifayurdu, Dimazkos G\u00f6kbilimevi, Palmira bilim \u015fehri, Petra ve \u0130skenderiye K\u00fct\u00fcphanesi, yak\u0131ld\u0131 y\u0131k\u0131ld\u0131, peri\u015fan edildi. Romal\u0131 tarih\u00e7ilerin G\u00fcne\u015f Tap\u0131na\u011f\u0131 dedi\u011fi \u015eam G\u00f6kbilimevi de o zaman kilise oldu. Hatta \u0130skenderiye\u2019de Tokatl\u0131 Matematik\u00e7i bilim kad\u0131n\u0131 Opacia yak\u0131larak \u00f6ld\u00fcr\u00fcld\u00fc ve buna da H\u0131ristiyan K\u0131ptiler yakt\u0131 diye k\u0131l\u0131f uydurdular.<\/p>\n\n\n\n<p>De\u011ferli okurlar\u0131m, konuyu Suriye topraklar\u0131n\u0131n ya\u011fmalanmas\u0131na getirece\u011fim. Ancak bu ya\u011fmaya birilerinin i\u015ftah\u0131n\u0131 kabartmak i\u00e7in \u00f6nce bilimin yok edilmesi ve \u0130slam ad\u0131na insan \u00f6ld\u00fcrmeye \u015fartland\u0131r\u0131lmas\u0131 gerekiyordu ve ad\u0131m ad\u0131m \u0130srail i\u015fgaline ta\u015flar d\u00f6\u015fendi.&nbsp;<\/p>\n\n\n\n<p>&nbsp;\u201cBiz O\u011fuzo\u011fullar\u0131y\u0131z\u201d yaz\u0131 dizisine ba\u015flama nedenim i\u00e7imi saran bu h\u00fcz\u00fcn\u2026<\/p>\n\n\n\n<p>\u015eam\u2019da 2012\u2019de bug\u00fcn Emeviye camisi denilen O\u011fuz G\u00fcne\u015fi G\u00f6kbilimevinde \u015f\u00fck\u00fcr namaz\u0131 k\u0131lm\u0131\u015f bir ki\u015fi olarak i\u00e7ime d\u00fc\u015fen h\u00fczn\u00fc ancak buralar\u0131n tarihini yazarak atabilirim. Bug\u00fcn \u00fclkemizde ve d\u00fcnyada e\u011fitimin bilim ray\u0131ndan \u00e7\u0131kart\u0131larak gericile\u015ftirilmesi ile tarihte Anadolu\u2019da O\u011eUZLU bilimevlerinin tahrip edilmesi aras\u0131nda \u00f6nemli benzerlikler g\u00f6r\u00fcyorum. K\u00fcresel oligarklar bor\u00e7 veremedikleri kamucu sistemleri y\u0131k\u0131yor, Suriye de bunun i\u00e7in y\u0131k\u0131l\u0131yor. \u00c7iller han\u0131m S\u00fcmerbank\u2019\u0131 satarken \u201cson sosyalist kaleyi de y\u0131kt\u0131k\u201d derken bo\u015fa dememi\u015fti.&nbsp; Bize \u201ces es 1\u201d modeli uygulad\u0131lar. Yoksa, tarihteki gibi Yahudi bankerler bor\u00e7 veremedikleri kamucu \u00fclkeleri d\u00fc\u015fman ilan ederler, e\u011fer teslim olmazlarsa \u201ces es 2\u201d modeliyle sald\u0131r\u0131r y\u0131karlar. Huylar\u0131 hi\u00e7 de\u011fi\u015fmedi.&nbsp;<\/p>\n\n\n\n<p>\u015eam ile Ankara ayn\u0131 O\u011fuz k\u00f6klerine sahiptir. Sembollerimiz aynen duruyor. Param\u0131zda bu\u011fday vard\u0131r. Suriye paras\u0131nda Sasani\/\u00c7e\u00e7en krali\u00e7e Leyla Zeynep Sultan ve Hilal vard\u0131r. Selevkos O\u011fuzlu devletinin sembollerinde de t\u0131pk\u0131 Ankara Hitit G\u00fcne\u015fi gibi; bo\u011fa ve geyik, kursun \u00fczerinde \u00fc\u00e7 noktal\u0131 \u201cant i\u00e7me\u201d sembolleri g\u00f6r\u00fcr\u00fcz.<\/p>\n\n\n\n<p>\u015eam, Dimaz-Kos, e\u011fer \u0130srail i\u015fgali alt\u0131na d\u00fc\u015ft\u00fcyse ve bu i\u015fgalde Sirkasyal\u0131 (Ba\u015fo\u011fuzlu) yoksul \u00c7e\u00e7en\/Sasani gen\u00e7leri \u00f6ne s\u00fcr\u00fcld\u00fcyse, Sasani krali\u00e7emiz Azize Leyla Sultan g\u00f6zya\u015flar\u0131na bo\u011fulmu\u015ftur. Art\u0131k Kud\u00fcs\u2019te kimse Aksa (O\u011fuz) Mescidini koruyamaz.<\/p>\n\n\n\n<p>Tarih boyunca Romal\u0131 tefecilerle sava\u015fan b\u00fct\u00fcn O\u011fuzo\u011flu krallar\u0131m\u0131z a\u011fl\u0131yor \u015fimdi. Yahudi tefecileri \u00fclkesinden kovan Kuru\u015flar, Darius O\u011fuzlar, Mitridateler a\u011fl\u0131yor, Nemrut\u2019un ba\u015f\u0131nda Galinikos a\u011fl\u0131yor, M\u0131s\u0131r\u2019da Baybars a\u011fl\u0131yor, Kutuz a\u011fl\u0131yor, Selahattin Eyyubi a\u011fl\u0131yor ve vasiyetinde bir daha Yahudi tefeciden bor\u00e7 almay\u0131n yoksa ba\u015fa d\u00f6nersiniz diyen Sevgili Peygamberimiz a\u011fl\u0131yor. KOS yurdu Suriye topraklar\u0131nda ne var ne yoksa hepsi k\u00fcresel tefecilerin eline ge\u00e7ecek, nas\u0131l a\u011flamas\u0131nlar.<\/p>\n\n\n\n<p>Tarihte tefecileri kendi yurdunda bar\u0131nd\u0131rmayan t\u00fcm O\u011fuz beyleri gibi, sevgili yurdumuzun son O\u011fuzlu direni\u015f kumandan\u0131 olan, bize bor\u00e7suz anayasa ve bor\u00e7suz \u00fclke b\u0131rakan ba\u015fkomutan Mustafa Kemal Atat\u00fcrk de a\u011fl\u0131yor \u015fimdi. Nas\u0131l a\u011flamas\u0131n, par\u00e7alanma s\u0131ras\u0131 bize geliyor.<\/p>\n\n\n\n<p>Yeniden nas\u0131l do\u011fduk k\u00fcllerimizden, yazaca\u011f\u0131z, tarih bitmedi.<\/p>\n\n\n\n<p>Mahiye Morg\u00fcl<\/p>\n\n\n\n<p>14.12.2024 -Rize<\/p>\n\n\n\n<p>O\u011fuzo\u011fullar\u0131n\u0131n Kurt sembolleri:<\/p>\n\n\n\n<p>1.resim: Samsun Amisoy sikkesi. Kolkhis \/Eyzi Halk\u0131, Kral Serhaz, annesi Akmenid krali\u00e7esi 1.Artemis. T\u00f6reye g\u00f6re kutlu evlat yeti\u015ftiren annenin ad\u0131na an\u0131t m\u00fcze, bilimevi, \u015fifahane, d\u00fc\u015fk\u00fcnler evi yap\u0131l\u0131r ve sembolleriyle paraya resmedilir.<\/p>\n\n\n\n<p>\u0130nsan yavrusunu da ay\u0131rmadan emziren di\u015fi kurt Zeyna fig\u00fcr\u00fc O\u011fuzo\u011fullar\u0131n\u0131n en \u00f6nemli motifidir. Tef ile sembolle\u015ftirilen m\u00fczi\u011fin de hamisi olmu\u015f bir Kral Serhaz var; M\u00d6.480 de Kos adas\u0131nda La sesinin 440 frekans oldu\u011funu \u00e7\u00f6zen Pisagorian ailesine hami olmu\u015ftur. Akmenid imparatorlu\u011fu d\u00f6nemi b\u00fct\u00fcn bilimlerde en b\u00fcy\u00fck bulu\u015flar\u0131n yap\u0131ld\u0131\u011f\u0131 d\u0131\u015f bor\u00e7lanmay\u0131 yasaklayarak bilime en fazla koruma yap\u0131lan d\u00f6nemdir.<\/p>\n\n\n\n<p>Seslerin matematikle ba\u011f\u0131n\u0131 kuran Pisagor\u2019un bulu\u015flar\u0131 nota olarak sikkede g\u00f6r\u00fclmektedir. . M\u00fczikte bulu\u015flar\u0131n hamisi olmas\u0131 nedeniyle Kral Serhaz\u2019\u0131n bir ad\u0131 da Kambasi (Kuman Ba\u015f\u0131) olmu\u015ftur. Bu\u011fday ba\u015fa\u011f\u0131 ve gemi, sallanan \u00fc\u00e7erli \u00e7anlar di\u011fer belirgin motifleridir.<\/p>\n\n\n\n<figure class=\"wp-block-image size-large is-resized\"><img loading=\"lazy\" src=\"https:\/\/mahiye.com\/wp-content\/uploads\/2025\/02\/image-3.png\" alt=\"\" class=\"wp-image-1867\" width=\"333\" height=\"164\" srcset=\"https:\/\/mahiye.com\/wp-content\/uploads\/2025\/02\/image-3.png 506w, https:\/\/mahiye.com\/wp-content\/uploads\/2025\/02\/image-3-300x148.png 300w\" sizes=\"(max-width: 333px) 100vw, 333px\" \/><\/figure>\n\n\n\n<p>2.resim: Ba\u015f\u0131nda kurt ba\u015fl\u0131\u011f\u0131yla Kral Serhaz\u2019\u0131n ata yurdu Gurgan (Kurtlar \u015eehri) O\u011fuzlu krallar\u0131n en \u00f6nemli merkezidir. Serhaz, Gurgan\u2019\u0131 Samsun ile karde\u015f \u015fehir yapt\u0131. Tarihi Gurgan Zulkarneyn Seddi (197 kilometre) ile ve O\u011fuz krallar\u0131n\u0131n kaya mezarlar\u0131yla \u00fcnl\u00fc bu \u015fehir, Horasan\u2019dad\u0131r.<\/p>\n\n\n\n<figure class=\"wp-block-image size-large is-resized\"><img loading=\"lazy\" src=\"https:\/\/mahiye.com\/wp-content\/uploads\/2025\/02\/image-4.png\" alt=\"\" class=\"wp-image-1868\" width=\"304\" height=\"146\" srcset=\"https:\/\/mahiye.com\/wp-content\/uploads\/2025\/02\/image-4.png 437w, https:\/\/mahiye.com\/wp-content\/uploads\/2025\/02\/image-4-300x144.png 300w\" sizes=\"(max-width: 304px) 100vw, 304px\" \/><\/figure>\n\n\n\n<p>Sikkenin di\u011fer y\u00fcz\u00fcnde yer alan yukar\u0131 bakan Hilal ve \u00fczerinde \u015eems, hurma dal\u0131 ve tef sembolleriyle annesi 1.Artemis g\u00f6r\u00fcl\u00fcr. Artemis\u2019in kaya mezar\u0131 Rize Ayane tepesinde, Serhaz\u2019\u0131n babas\u0131 kral 1.Darius O\u011fuz\u2019un kaya mezar\u0131 ise Rize Sirahoz tepesindedir.<\/p>\n\n\n\n<p>3.resim: \u0130talya Siena \u015fehir heykeli Zeyna, di\u015fi kurt, Etr\u00fcsk heykelidir.<\/p>\n\n\n\n<figure class=\"wp-block-image size-large is-resized\"><img loading=\"lazy\" src=\"https:\/\/mahiye.com\/wp-content\/uploads\/2025\/02\/image-5.png\" alt=\"\" class=\"wp-image-1869\" width=\"343\" height=\"230\" srcset=\"https:\/\/mahiye.com\/wp-content\/uploads\/2025\/02\/image-5.png 372w, https:\/\/mahiye.com\/wp-content\/uploads\/2025\/02\/image-5-300x202.png 300w\" sizes=\"(max-width: 343px) 100vw, 343px\" \/><\/figure>\n\n\n\n<p>4.resim: Roma \u015fehrinin di\u015fi kurt sembol\u00fc Etr\u00fcsklerin Sirkasya k\u00f6kenlerini, \u015fehrin kurucular\u0131n\u0131n Ay Atal\u0131 (Ay atal\u0131-yer) halk oldu\u011funa i\u015faret eder.<\/p>\n\n\n\n<figure class=\"wp-block-image size-large is-resized\"><img loading=\"lazy\" src=\"https:\/\/mahiye.com\/wp-content\/uploads\/2025\/02\/image-6.png\" alt=\"\" class=\"wp-image-1870\" width=\"347\" height=\"325\" srcset=\"https:\/\/mahiye.com\/wp-content\/uploads\/2025\/02\/image-6.png 372w, https:\/\/mahiye.com\/wp-content\/uploads\/2025\/02\/image-6-300x281.png 300w\" sizes=\"(max-width: 347px) 100vw, 347px\" \/><\/figure>\n\n\n\n<p>5.resim: Efes Kuretler caddesinde O\u011fuzlu kral\u0131 Mazeus Mitridate Zafer Tak\u0131, Artemis An\u0131t M\u00fczesi ve \u00fc\u00e7 hilalli mermer lahitler vard\u0131r. Kuretler caddesine ad olan \u201cKuret\u201d ad\u0131yla KURT ad\u0131 sesde\u015ftir.<\/p>\n\n\n\n<figure class=\"wp-block-image size-large is-resized\"><img loading=\"lazy\" src=\"https:\/\/mahiye.com\/wp-content\/uploads\/2025\/02\/image-7.png\" alt=\"\" class=\"wp-image-1871\" width=\"411\" height=\"216\" srcset=\"https:\/\/mahiye.com\/wp-content\/uploads\/2025\/02\/image-7.png 527w, https:\/\/mahiye.com\/wp-content\/uploads\/2025\/02\/image-7-300x158.png 300w\" sizes=\"(max-width: 411px) 100vw, 411px\" \/><\/figure>\n\n\n\n<p>6.resim: Gurgan (Kurtlar) \u015fehrinde Zulkarneyn Seddi;  Kutlu \u00c7ift Boynuzlular Seddi. (Turan seddi, Gurgan seddi, O\u011fuzlu seddi)<\/p>\n\n\n\n<figure class=\"wp-block-image size-large is-resized\"><img loading=\"lazy\" src=\"https:\/\/mahiye.com\/wp-content\/uploads\/2025\/02\/image-8.png\" alt=\"\" class=\"wp-image-1872\" width=\"344\" height=\"340\" srcset=\"https:\/\/mahiye.com\/wp-content\/uploads\/2025\/02\/image-8.png 409w, https:\/\/mahiye.com\/wp-content\/uploads\/2025\/02\/image-8-300x296.png 300w\" sizes=\"(max-width: 344px) 100vw, 344px\" \/><\/figure>\n\n\n\n<p>7.resim: Cumhuriyetimizin kurulu\u015funda (1923) ilk param\u0131zdaki kurt resmi.<\/p>\n\n\n\n<figure class=\"wp-block-image size-large is-resized\"><img loading=\"lazy\" src=\"https:\/\/mahiye.com\/wp-content\/uploads\/2025\/02\/image-9.png\" alt=\"\" class=\"wp-image-1873\" width=\"382\" height=\"241\" srcset=\"https:\/\/mahiye.com\/wp-content\/uploads\/2025\/02\/image-9.png 447w, https:\/\/mahiye.com\/wp-content\/uploads\/2025\/02\/image-9-300x189.png 300w\" sizes=\"(max-width: 382px) 100vw, 382px\" \/><\/figure>\n\n\n\n<p>8.resim: Akmenid Pers O\u011fuzlu Devletinin s\u0131n\u0131rlar\u0131 ve bor\u00e7 k\u00f6leli\u011fini ilk yasaklayan kurucu kral Crus\u2019un ad\u0131 verilen Sirius tak\u0131m y\u0131ld\u0131z\u0131. Sirius, g\u00f6kte Kurt resmi vermektedir.<\/p>\n\n\n\n<figure class=\"wp-block-image size-large is-resized\"><img loading=\"lazy\" src=\"https:\/\/mahiye.com\/wp-content\/uploads\/2025\/02\/image-10.png\" alt=\"\" class=\"wp-image-1874\" width=\"304\" height=\"203\" srcset=\"https:\/\/mahiye.com\/wp-content\/uploads\/2025\/02\/image-10.png 377w, https:\/\/mahiye.com\/wp-content\/uploads\/2025\/02\/image-10-300x201.png 300w\" sizes=\"(max-width: 304px) 100vw, 304px\" \/><\/figure>\n\n\n\n<figure class=\"wp-block-image size-large is-resized\"><img loading=\"lazy\" src=\"https:\/\/mahiye.com\/wp-content\/uploads\/2025\/02\/image-11.png\" alt=\"\" class=\"wp-image-1875\" width=\"339\" height=\"218\" srcset=\"https:\/\/mahiye.com\/wp-content\/uploads\/2025\/02\/image-11.png 395w, https:\/\/mahiye.com\/wp-content\/uploads\/2025\/02\/image-11-300x193.png 300w\" sizes=\"(max-width: 339px) 100vw, 339px\" \/><\/figure>\n\n\n\n<p>9.resim: Antep O\u011fuzeli (Belk\u0131s) M\u00fczesinde \u015fehre ad\u0131 verilen Ba\u015fo\u011fuzlu VI.Mitridate MOHT\u0130 O\u011eUZ\u2019un mozaik duvar resmi.<\/p>\n\n\n\n<figure class=\"wp-block-image size-large\"><img loading=\"lazy\" width=\"281\" height=\"450\" src=\"https:\/\/mahiye.com\/wp-content\/uploads\/2025\/02\/image-12.png\" alt=\"\" class=\"wp-image-1876\" srcset=\"https:\/\/mahiye.com\/wp-content\/uploads\/2025\/02\/image-12.png 281w, https:\/\/mahiye.com\/wp-content\/uploads\/2025\/02\/image-12-187x300.png 187w\" sizes=\"(max-width: 281px) 100vw, 281px\" \/><\/figure>\n\n\n\n<p>Resimde MHTIOX\u2026 ad\u0131 okunmaktad\u0131r. Ba\u015fo\u011fuzlu kral\u0131m\u0131za Sinop-Kafkasya sahili boyunca Kolkhis kral\u0131 oldu\u011fu i\u00e7in Mohti denilmi\u015f olmal\u0131d\u0131r, \u00e7\u00fcnk\u00fc Rize&#8217;de Lazlara Mohti denir.<\/p>\n","protected":false},"excerpt":{"rendered":"<p>Bu ifade Mustafa Kemal Atat\u00fcrk\u2019\u00fcn askeri lise y\u0131llar\u0131nda yazd\u0131\u011f\u0131 \u015fiirin ba\u015fl\u0131\u011f\u0131d\u0131r. Fen dersleri de olduk\u00e7a iyi olan Mustafa Kemal\u2019e edebiyat \u00f6\u011fretmeni bu \u015fiiri \u00fczerine \u201cSen&#8230;<\/p>\n<div class=\"more-link-wrapper\"><a class=\"more-link\" href=\"https:\/\/mahiye.com\/index.php\/2025\/02\/15\/biz-oguzogullariyiz-14-12-2024\/\">Devam\u0131n\u0131 Oku<span class=\"screen-reader-text\">Biz O\u011fuzo\u011fullar\u0131y\u0131z (14.12.2024)<\/span><\/a><\/div>\n","protected":false},"author":2,"featured_media":0,"comment_status":"closed","ping_status":"open","sticky":false,"template":"","format":"standard","meta":{"spay_email":""},"categories":[1],"tags":[],"jetpack_featured_media_url":"","_links":{"self":[{"href":"https:\/\/mahiye.com\/index.php\/wp-json\/wp\/v2\/posts\/1866"}],"collection":[{"href":"https:\/\/mahiye.com\/index.php\/wp-json\/wp\/v2\/posts"}],"about":[{"href":"https:\/\/mahiye.com\/index.php\/wp-json\/wp\/v2\/types\/post"}],"author":[{"embeddable":true,"href":"https:\/\/mahiye.com\/index.php\/wp-json\/wp\/v2\/users\/2"}],"replies":[{"embeddable":true,"href":"https:\/\/mahiye.com\/index.php\/wp-json\/wp\/v2\/comments?post=1866"}],"version-history":[{"count":1,"href":"https:\/\/mahiye.com\/index.php\/wp-json\/wp\/v2\/posts\/1866\/revisions"}],"predecessor-version":[{"id":1877,"href":"https:\/\/mahiye.com\/index.php\/wp-json\/wp\/v2\/posts\/1866\/revisions\/1877"}],"wp:attachment":[{"href":"https:\/\/mahiye.com\/index.php\/wp-json\/wp\/v2\/media?parent=1866"}],"wp:term":[{"taxonomy":"category","embeddable":true,"href":"https:\/\/mahiye.com\/index.php\/wp-json\/wp\/v2\/categories?post=1866"},{"taxonomy":"post_tag","embeddable":true,"href":"https:\/\/mahiye.com\/index.php\/wp-json\/wp\/v2\/tags?post=1866"}],"curies":[{"name":"wp","href":"https:\/\/api.w.org\/{rel}","templated":true}]}}