{"id":2010,"date":"2025-12-05T11:48:00","date_gmt":"2025-12-05T08:48:00","guid":{"rendered":"http:\/\/mahiye.com\/?p=2010"},"modified":"2025-12-05T11:48:01","modified_gmt":"2025-12-05T08:48:01","slug":"hainsiz-turkiye-anitkabir-bulusmasi-5-12-2025","status":"publish","type":"post","link":"https:\/\/mahiye.com\/index.php\/2025\/12\/05\/hainsiz-turkiye-anitkabir-bulusmasi-5-12-2025\/","title":{"rendered":"\u201cHainsiz T\u00fcrkiye\u201d An\u0131tkabir Bulu\u015fmas\u0131 (5.12.2025)"},"content":{"rendered":"\n<p>Hainsiz T\u00fcrkiye i\u00e7in An\u0131tkabir\u2019de bulu\u015fma \u00e7a\u011fr\u0131s\u0131na ben de kat\u0131l\u0131yorum. 27 Aral\u0131k Cumartesi g\u00fcn\u00fc saat 14.00 de An\u0131tkabir\u2019de olaca\u011f\u0131m. Rize\u2019den gidiyorum.<\/p>\n\n\n\n<p>\u00c7a\u011fr\u0131y\u0131 ilk yapan Veryans\u0131n TV\u2019nin youtube yay\u0131nlar\u0131n\u0131 takip ediyorum. Bu bulu\u015fmaya kat\u0131lacak ba\u015fta \u015eehit Analar\u0131 Derne\u011fi Ba\u015fkan\u0131 Pakize Ana olmak \u00fczere, Orkun \u00d6zeller, Cengiz \u00d6zak\u0131nc\u0131 ve Banu Avar gibi \u00f6zg\u00fcn isimlerimiz var.<\/p>\n\n\n\n<p>&nbsp;Herkesin saf\u0131n\u0131 belli etme zaman\u0131d\u0131r. Bu karar partilerle de\u011fil, vicdan\u0131yla al\u0131nacak karard\u0131r.&nbsp; Vatan dardad\u0131r. D\u00f6rt bir yandan ku\u015fat\u0131lm\u0131\u015fl\u0131k i\u00e7indeyiz.<\/p>\n\n\n\n<p>B\u00fcy\u00fck Millet Meclisinde i\u015fler normal y\u00fcr\u00fcm\u00fcyor, ter\u00f6r \u00e7etesinin ba\u015f\u0131 bir hainin a\u011fz\u0131na g\u00f6re g\u00fcndem belirleniyor. Bor\u00e7 b\u00fct\u00e7esi zaten her \u015feyi kilitliyor. Oysa bunca tehdit kar\u015f\u0131s\u0131nda meclisin tek g\u00fcndemle toplanabilmesi gerekir.<\/p>\n\n\n\n<p>Vatan\u0131m\u0131z i\u00e7 ve d\u0131\u015f tehlikelerle kar\u015f\u0131 kar\u015f\u0131yad\u0131r. Vatikan Papaz\u0131 da tam gelece\u011fi zaman\u0131 se\u00e7mi\u015f. Biz bunlara kar\u015f\u0131 Kurtulu\u015f Sava\u015f\u0131 vermemi\u015f miydik? Atat\u00fcrk bu Vatikan\u2019\u0131 resmen tan\u0131mayarak tepkisini a\u00e7\u0131k koymam\u0131\u015f m\u0131yd\u0131?<\/p>\n\n\n\n<p>&nbsp;NATO denilen askeri kumpasa bizi sokan ABD, Menderes\u2019e her dedi\u011fini yapt\u0131rm\u0131\u015f, Papay\u0131 davet ettirmi\u015fti, ama Menderes\u2019in idam\u0131n\u0131 engellemek i\u00e7in k\u0131l\u0131n\u0131 k\u0131p\u0131rdatmam\u0131\u015ft\u0131.<\/p>\n\n\n\n<p>Katolik Papay\u0131 bizim Ortodoks yurtta\u015flar\u0131m\u0131z nas\u0131l kar\u015f\u0131lad\u0131 diye merak ederseniz, eli kalem tutan en AB\u2019cisi bile Papay\u0131 ho\u015f kar\u015f\u0131lamad\u0131. Alk\u0131\u015f\u00e7\u0131 birileri vard\u0131 derseniz, o kadar\u0131 her yerde bulunur, d\u0131\u015far\u0131dan da getirilir.<\/p>\n\n\n\n<p>Papan\u0131n logosunu konu\u015fuyor tarih\u00e7iler. Sembollerine anlam ar\u0131yorlar. Hepsi tamam da sol yukar\u0131daki sar\u0131 renkte g\u00fcne\u015f \u00e7izgilerinin ortas\u0131nda \u00fc\u00e7geni g\u00f6r\u00fcyor fakat &nbsp;\u00fc\u00e7genin i\u00e7indeki tek g\u00f6z\u00fc g\u00f6rm\u00fcyorlar. Dolar\u0131n \u00fczerindeki tepe g\u00f6z, Masonlu\u011fun \u0130ll\u00fcminati sembol\u00fc, yani tek g\u00f6z. Biri d\u00fcnyay\u0131 g\u00f6zetliyor. Ayn\u0131 g\u00fcn Rize\u2019de bindi\u011fim dolmu\u015fa bir durak sonra binen bir adam ayakta durdu, \u201cBen \u0130sa\u2019y\u0131m. Ben her \u015feyi g\u00f6r\u00fcr\u00fcm. Buralar\u0131 bilirim. Ben \u0130sa\u2019y\u0131m.\u201d Diye ba\u011f\u0131rd\u0131, g\u00f6zlerimize bakt\u0131, bir durak sonra indi, inerken bana bir kere daha bakt\u0131, ate\u015f vard\u0131 g\u00f6zlerinde. Bu ne haldir, ben anlar\u0131m da vatanda\u015flar ne anlar, \u201cmeczup yahu\u201d dediler. Papan\u0131n gelece\u011fi g\u00fcn b\u00f6yle meczuplar\u0131n ipini \u00e7\u00f6z\u00fcyorlar demek ki.<\/p>\n\n\n\n<p>Evet \u00f6yle diyor, ben sizi g\u00f6r\u00fcyorum diyor. Ba\u015fka? Yeni kanallar a\u00e7\u0131yorum d\u00fcnya ticaretine egemen (ek\u00fcmenik) olmak i\u00e7in. K\u00f6pr\u00fcler a\u015f\u0131yorum, H\u0131ristiyanl\u0131\u011f\u0131 yayarak Asya kaynaklar\u0131n\u0131 ele ge\u00e7irmeye kanaldan kanala gemilerle ula\u015faca\u011f\u0131m, diyor. \u0130stanbul\u2019u yeni Roma ba\u015fkenti yapaca\u011f\u0131m, Egemenli\u011fimi buradan tesis edece\u011fim, diyor.<\/p>\n\n\n\n<p>Diyor da diyor. Ne yapacaklar\u0131n\u0131 hi\u00e7 saklamad\u0131lar ki. G\u00f6rmeyelim diye d\u00f6nd\u00fcrd\u00fckleri \u0130slam maskeli d\u00fcmenleri hat\u0131rlay\u0131n. Fet\u00f6\u2019n\u00fcn imzal\u0131 lale tablosunu bilirsiniz, polis bask\u0131n\u0131nda \u201cbulundu\u201d diye bas\u0131na verilmi\u015fti. \u0130\u015fte bu Papan\u0131n logosunda da bir lale var. \u00d6nde siyah ha\u00e7, r\u00fczg\u00e2ra dayam\u0131\u015f kendini, yani gelen tepkileri o kar\u015f\u0131l\u0131yor, asl\u0131nda k\u00f6pr\u00fcden ill\u00fcminati tek g\u00f6z (dolar\u0131n egemenli\u011fi) ge\u00e7iyor o s\u0131rada ve en arkada lale.<\/p>\n\n\n\n<p>Ben bu sene Din K\u00fclt\u00fcr\u00fc Ahlak Bilgisi 5.S\u0131n\u0131f kitab\u0131n\u0131n kapa\u011f\u0131nda \u00fc\u00e7 lale g\u00f6r\u00fcyorum. Kitapta yer alan t\u00fcm cami resimlerinde imam yok, minber yok, mihrap yok! Ama kapakta \u00fc\u00e7 k\u0131rm\u0131z\u0131 lale. Lalelerin yumrusunda de\u011fi\u015fik y\u00f6nlere bakan \u00fc\u00e7 de hilal var, gel de huylanma.<\/p>\n\n\n\n<p>Roma kral\u0131 Sezar, Roma\u2019dan bor\u00e7 almama kural\u0131 koyan Milet Uygarl\u0131\u011f\u0131 devletimizi s\u0131f\u0131rlad\u0131, milat dedi, yakt\u0131 y\u0131kt\u0131, viran etti. Biz \u015fimdi onlar\u0131n y\u0131kt\u0131\u011f\u0131 hamama \u201cRoma d\u00f6nemi hamam\u201d diyoruz, oysa k\u00f6leci vah\u015fi Roma bizim dar\u00fc\u015f\u015fifalar\u0131m\u0131z\u0131 hamamlar\u0131m\u0131z\u0131 y\u0131kan devletin ad\u0131d\u0131r, yapan o de\u011fil ki!<\/p>\n\n\n\n<p>\u0130talya\u2019da k\u00f6leleri efendilerine kar\u015f\u0131 ayakland\u0131ran Mete O\u011fuz\u2019dur, bilinmez. Bizim ata k\u00fclt\u00fcr\u00fcm\u00fcz olan Mitra inan\u0131\u015f\u0131nda bor\u00e7 k\u00f6leli\u011fi yasakt\u0131, babas\u0131n\u0131n borcuna kar\u015f\u0131l\u0131k o\u011flu k\u0131z\u0131 kar\u0131s\u0131 elinden al\u0131n\u0131p k\u00f6le sat\u0131lamazd\u0131. Roma, bor\u00e7 verecek \u015fehir ve b\u00f6ylece satacak k\u00f6le bulamay\u0131nca &nbsp;Anadolu\u2019yu tarihten silmeye karar verdi. Mitra O\u011fuz dininin yerine yeni bir din laz\u0131md\u0131 onlara. H\u0131ristiyanl\u0131k b\u00f6yle do\u011fdu ve Mitraizmin \u00f6n\u00fcn\u00fc kesmek i\u00e7in kalkan olarak kullan\u0131ld\u0131. Mitra k\u00fclt\u00fcr\u00fcne dair ne varsa, bilimevi, askeri e\u011fitim yeri, at ah\u0131rlar\u0131, kaleler, saraylar, heykeller, Apollon tap\u0131naklar\u0131, \u015fifaevleri, vs yerle bir edildi, \u015fifac\u0131 bac\u0131analar katledildi. \u00d6ld\u00fcr\u00fclmemek i\u00e7in yeni dine ge\u00e7enler oldu. Yeni dini \u00f6\u011fretmek i\u00e7in yar\u0131\u015f\u0131rcas\u0131na i\u00e7eri\u011fi birbirinden farkl\u0131 y\u00fczlerce \u0130ncil yaz\u0131ld\u0131. 431 de \u0130znik\u2019te topland\u0131lar 4 tanesini resmi kitap kabul ettiler. Birinci y\u00fczy\u0131lda ha\u00e7l\u0131 seferleri Mitra k\u00fclt\u00fcr\u00fcn\u00fc ve bor\u00e7suz devlet kural\u0131 koyan Akmenid, Selevkos ve Sasani devletleri, \u00f6zellikle M\u0131s\u0131r, Kud\u00fcs-Filistin, Palmira, Adana, Mersin, Ni\u011fde, Silifke, Alanya, Malatya, Urfa, Mara\u015f, Antep, Ankara, k\u0131saca T\u00fcrkmeneli yak\u0131ld\u0131 y\u0131k\u0131ld\u0131. Tarsus\u2019a dokunmad\u0131lar, \u00e7\u00fcnk\u00fc \u015fehrin valisi (Paulus\/Ulus Opa) bir sand\u0131k m\u00fccevher toplad\u0131 zenginlerden, r\u00fc\u015fvet verdi Kemerhisar\u2019\u0131 yerle bir eden Auralina\u2019ya ve ilk o din de\u011fi\u015ftirdi, y\u0131l 274\u2019d\u00fc. Leyla Zeynep Sultan\u0131m\u0131z o zaman do\u011fdu\u011fu \u015fehir olan Urfa\u2019da esir al\u0131nd\u0131. Roma\u2019dan bor\u00e7 almad\u0131\u011f\u0131 i\u00e7in ona \u201cilk kom\u00fcnist krali\u00e7e\u201d dediler.<\/p>\n\n\n\n<p>Gelelim bug\u00fcne. Bu sava\u015f, 3.bin y\u0131l\u0131n ha\u00e7l\u0131 seferi BOP ile ba\u015flad\u0131, d\u00fcnya projesine d\u00f6n\u00fc\u015ft\u00fc, biz de tam ortas\u0131nda bir \u00fclkeyiz. Bizi halk olarak uyutmalar\u0131 i\u00e7in projenin par\u00e7as\u0131 yapmalar\u0131 gerekiyordu. B\u00fcy\u00fcrken k\u00fc\u00e7\u00fclmek bu, bir koyup \u00fc\u00e7 alacakt\u0131k hani\u2026 Avucumuzu yalad\u0131k, ba\u015f\u0131m\u0131za \u00e7uval ge\u00e7irildi, binlerce can verdik, \u015fimdi de iyice \u015f\u0131marm\u0131\u015flar \u201cbize devlet kurun\u201d diyor bu hainler.<\/p>\n\n\n\n<p>Demiyorlar ki d\u00fcnya b\u00fcy\u00fck sava\u015fa zorlanmaktad\u0131r, birlik olursak tehlikeyi savar\u0131z. Diyemezler, \u00e7\u00fcnk\u00fc ba\u015flar\u0131nda toprak a\u011falar\u0131 var, a\u015firet beyleri var, ba\u011f\u0131ms\u0131z fikir sahibi olmalar\u0131na engeldir o a\u011falar.<\/p>\n\n\n\n<p>Bu arada, bir musibet bin nasihatten ye\u011fdir hesab\u0131, Irak Barzani a\u015fireti di\u011fer bir K\u00fcrt a\u015firetini peri\u015fan etti, T\u00fcrkmeneli petrollerini kendine alarak ka\u00e7ak i\u015fletmek istiyor, ne d\u00fcnyay\u0131 tak\u0131yor ne Ba\u011fdat\u2019\u0131. \u0130\u015fte budur a\u015firet beyli\u011fi, ulus devlet sevmezler, kendi soyda\u015f\u0131n\u0131 da sevmezler. Bunlardan \u00fcmmet birli\u011fi hayal edenler de hi\u00e7 tarih bilmezler. \u00d6nce derebeyliklerin tasfiyesi gerekir. Neden bizde toprak a\u011fal\u0131\u011f\u0131n\u0131n olmad\u0131\u011f\u0131 kuzey, bat\u0131, g\u00fcney ve orta Anadolu gibi b\u00fcy\u00fck co\u011frafyam\u0131zda hi\u00e7 halk isyan\u0131 \u00e7\u0131kmaz, \u00e7\u00fcnk\u00fc a\u011fal\u0131k sistemi yoktur da ondan.<\/p>\n\n\n\n<p>A\u011falar, Cumhuriyetin ulus birli\u011fine ba\u015f\u0131ndan beri d\u00fc\u015fman oldular. Gerici isyanlar hep a\u015firetlerde \u00e7\u0131kt\u0131. En gericisi de 40 y\u0131ld\u0131r s\u00fcren ABD destekli PKK isyan\u0131d\u0131r. Sahte laiklik, sahte sosyalizm bunlarda. Bu da b\u00f6yle ABD destekli olur. Maskeleri \u00e7oktan d\u00fc\u015ft\u00fc, ama hen\u00fcz g\u00f6rmeyenler var.<\/p>\n\n\n\n<p>Hainlere maske \u00e7oook&#8230; Bar\u0131\u015f, demokrasi, insan haklar\u0131, s\u0131zd\u0131klar\u0131 partiler, vak\u0131flar, odalar, barolar, belediyeler, sendikalar, say say bitmez.<\/p>\n\n\n\n<p>\u201cHainsiz T\u00fcrkiye\u201d diye hayk\u0131rmaya 27 Aral\u0131k\u2019ta Tando\u011fan\u2019da toplan\u0131yoruz, Atam\u0131za \u00e7\u0131kaca\u011f\u0131z!<\/p>\n\n\n\n<p>Mahiye Morg\u00fcl<\/p>\n","protected":false},"excerpt":{"rendered":"<p>Hainsiz T\u00fcrkiye i\u00e7in An\u0131tkabir\u2019de bulu\u015fma \u00e7a\u011fr\u0131s\u0131na ben de kat\u0131l\u0131yorum. 27 Aral\u0131k Cumartesi g\u00fcn\u00fc saat 14.00 de An\u0131tkabir\u2019de olaca\u011f\u0131m. Rize\u2019den gidiyorum. \u00c7a\u011fr\u0131y\u0131 ilk yapan Veryans\u0131n TV\u2019nin&#8230;<\/p>\n<div class=\"more-link-wrapper\"><a class=\"more-link\" href=\"https:\/\/mahiye.com\/index.php\/2025\/12\/05\/hainsiz-turkiye-anitkabir-bulusmasi-5-12-2025\/\">Devam\u0131n\u0131 Oku<span class=\"screen-reader-text\">\u201cHainsiz T\u00fcrkiye\u201d An\u0131tkabir Bulu\u015fmas\u0131 (5.12.2025)<\/span><\/a><\/div>\n","protected":false},"author":2,"featured_media":0,"comment_status":"closed","ping_status":"open","sticky":false,"template":"","format":"standard","meta":{"spay_email":""},"categories":[1],"tags":[],"jetpack_featured_media_url":"","_links":{"self":[{"href":"https:\/\/mahiye.com\/index.php\/wp-json\/wp\/v2\/posts\/2010"}],"collection":[{"href":"https:\/\/mahiye.com\/index.php\/wp-json\/wp\/v2\/posts"}],"about":[{"href":"https:\/\/mahiye.com\/index.php\/wp-json\/wp\/v2\/types\/post"}],"author":[{"embeddable":true,"href":"https:\/\/mahiye.com\/index.php\/wp-json\/wp\/v2\/users\/2"}],"replies":[{"embeddable":true,"href":"https:\/\/mahiye.com\/index.php\/wp-json\/wp\/v2\/comments?post=2010"}],"version-history":[{"count":1,"href":"https:\/\/mahiye.com\/index.php\/wp-json\/wp\/v2\/posts\/2010\/revisions"}],"predecessor-version":[{"id":2011,"href":"https:\/\/mahiye.com\/index.php\/wp-json\/wp\/v2\/posts\/2010\/revisions\/2011"}],"wp:attachment":[{"href":"https:\/\/mahiye.com\/index.php\/wp-json\/wp\/v2\/media?parent=2010"}],"wp:term":[{"taxonomy":"category","embeddable":true,"href":"https:\/\/mahiye.com\/index.php\/wp-json\/wp\/v2\/categories?post=2010"},{"taxonomy":"post_tag","embeddable":true,"href":"https:\/\/mahiye.com\/index.php\/wp-json\/wp\/v2\/tags?post=2010"}],"curies":[{"name":"wp","href":"https:\/\/api.w.org\/{rel}","templated":true}]}}