{"id":2013,"date":"2025-12-19T12:21:44","date_gmt":"2025-12-19T09:21:44","guid":{"rendered":"http:\/\/mahiye.com\/?p=2013"},"modified":"2025-12-19T12:21:45","modified_gmt":"2025-12-19T09:21:45","slug":"yerli-mali-haftasini-ozel-bilge-ilkokulunda-kutladim-19-12-2025","status":"publish","type":"post","link":"https:\/\/mahiye.com\/index.php\/2025\/12\/19\/yerli-mali-haftasini-ozel-bilge-ilkokulunda-kutladim-19-12-2025\/","title":{"rendered":"Yerli Mal\u0131 Haftas\u0131n\u0131 \u00d6zel Bilge \u0130lkokulunda Kutlad\u0131m (19.12.2025)"},"content":{"rendered":"\n<p>Okullarda bu hafta Yerli Mal\u0131 haftas\u0131 vard\u0131. \u00d6zel Bilge Okullar\u0131n\u0131n y\u00f6neticisi de\u011ferli arkada\u015f\u0131m Hamit Turna ve e\u015fi Sat\u0131 Han\u0131m bu seneki kutlamaya beni davet ettiler. \u201c\u00c7ocuklar yerli k\u0131yafetlerle sahneye \u00e7\u0131kacaklar, \u00f6\u011flen yeme\u011finde de yerli yemeklerimiz var\u201d deyince, \u201cgeliyorum\u201d dedim.<\/p>\n\n\n\n<p>Nas\u0131l heyecanland\u0131m, anlatamam. Ben de \u00e7ocuklara bir \u015feyler sunmal\u0131yd\u0131m. \u00d6nce a\u011f\u0131z m\u0131z\u0131kam\u0131 att\u0131m \u00e7antaya, pe\u015ftemal\u0131 dolad\u0131m, yerli angora y\u00fcn h\u0131rkam\u0131 giydim, Rize\u2019den \u015eifa Bilgileri kitab\u0131mdan d\u00f6rt kitap koydum \u00e7antaya.<\/p>\n\n\n\n<p>Kitaplar\u0131n biri Sat\u0131 Han\u0131ma, di\u011feri okulun en ya\u015fl\u0131 \u00f6\u011fretmenine, bir tanesi bebekli gen\u00e7 \u00f6\u011fretmene, bir tanesi de bize \u00e7ay hizmeti yapacak olan \u00e7al\u0131\u015fan han\u0131ma ve sirkenin faydalar\u0131 \u00fczerine bro\u015f\u00fcr\u00fcmden de \u00f6\u011fretmenlere hediye.<\/p>\n\n\n\n<p>Okulun b\u00fcy\u00fck salonunda \u00f6\u011frenciler yerel k\u0131yafetleriyle ve yerel m\u00fczikle g\u00f6sterilerini sundular. Sonra beni sahneye davet ettiler. Elimde a\u011f\u0131z m\u0131z\u0131kas\u0131yla \u00e7ocuklar\u0131 selamlad\u0131m, bir horon havas\u0131 \u00e7ald\u0131m. Ard\u0131ndan bir Haldoz t\u00fcrk\u00fcs\u00fc, Kuvayi Milliye kahraman\u0131 gazi dedelerimizden \u0130psiz Recep Emice ile Zekeriya Tiryaki dedeye bir beste, k\u0131sa bir milli ve yerli ekonomi ile t\u00f6rene katk\u0131 yapt\u0131m.<\/p>\n\n\n\n<p>\u00c7ok heyecanl\u0131yd\u0131m. Sonra \u00f6\u011fretmenleriyle tan\u0131\u015ft\u0131m, birlikte \u00f6\u011flen yeme\u011fi yedik. Yemekte kendime m\u0131hlama, lahana ezmesi ve tur\u015fu se\u00e7tim. \u0130\u015fte bu Rize mutfa\u011f\u0131 benim diyetime denk d\u00fc\u015f\u00fcyor.<\/p>\n\n\n\n<p>\u00d6\u011fleden sonra davet edildi\u011fim 2.s\u0131n\u0131fa derse girdim. S\u0131n\u0131f \u00f6\u011fretmeni Artvinliydi. Onun s\u0131n\u0131f\u0131na Artvin Atabar s\u00f6yletmek ho\u015f s\u00fcrpriz olurdu. \u00d6nce kendi bestelerimdem \u00fc\u00e7 \u00e7ocuk \u015fark\u0131s\u0131 s\u00f6ylettim. Ayakta oynayarak, canland\u0131rarak s\u00f6ylenebilen, oyunlu \u015fark\u0131lard\u0131 bunlar. Ard\u0131ndan s\u0131n\u0131f \u00f6\u011fretmenimizle el ele Atabar s\u00f6yleyip oynad\u0131k. \u00d6zlemi\u015fim s\u0131n\u0131fta \u00e7ocuklarla m\u00fczik dersi yapmay\u0131.<\/p>\n\n\n\n<p>Cumhuriyetimiz neden milli ekonomiyi bayrama \u00e7evirmi\u015fti, bundan da s\u00f6z ettim. Sar\u0131kam\u0131\u015f\u2019ta donarak \u00f6len askerlerimizin aya\u011f\u0131nda \u00e7izme yoktu, s\u0131rt\u0131nda kaput yoktu, devletimiz Almanya g\u00f6nderecek diye beklerken yi\u011fitlerimizi so\u011fukta \u015fehit verdik. O \u015fehitlerden biri de benim amcamd\u0131.<\/p>\n\n\n\n<p>Askerin k\u0131\u015fl\u0131k k\u0131yafetini, \u00e7izmesini, battaniyesini, kaputunu, y\u00fcn fanilas\u0131n\u0131 dokuyacak fabrikalara ihtiyac\u0131m\u0131z vard\u0131. Cumhuriyet bu yokluklar i\u00e7inde kuruldu. \u00d6nce bu fabrikalar\u0131 kuracak teknik elemanlar\u0131 okutmak yeti\u015ftirmek gerekiyordu. Atat\u00fcrk Rize\u2019ye geldi\u011finde kafas\u0131ndaki planda \u00f6ncelikle bu vard\u0131, Se\u00e7ti\u011fi Rizeli gen\u00e7leri Almanya\u2019ya makine ve motor ustas\u0131 olmaya g\u00f6nderdi, Bir b\u00f6l\u00fcm\u00fcn\u00fc de Moskova\u2019ya teknik ziraat e\u011fitimine g\u00f6nderdi. Bunlardan ikisi amcam, biri de babam\u0131n kuzeniydi. Hem milli dokuma fabrikas\u0131 S\u00fcmerbank\u2019\u0131 hem de Kayseri u\u00e7ak fabrikas\u0131n\u0131 bu gen\u00e7lerle kurdular. Milli ve yerli.<\/p>\n\n\n\n<p>Okullar\u0131n duvarlar\u0131na gururla \u201cYerli Mal\u0131 T\u00fcrk\u00fcn Mal\u0131, Her T\u00fcrk Onu Kullanmal\u0131\u201dyaz\u0131l\u0131rd\u0131. \u015eimdilerde unutuldu, unutturuldu:&nbsp;<\/p>\n\n\n\n<p>Hem Kayseri u\u00e7ak fabrikas\u0131n\u0131n (1926), hem de Kayseri Teyyare Sanat Mektebinin kurucu at\u00f6lye \u015fefi olan amcam Muammer Morg\u00fcl, 1936\u2019de Malatya ve Nazilli S\u00fcmerbank fabrikalar\u0131n\u0131n da kurucu at\u00f6lye \u015fefiydi. Cumhuriyetimizin milli e\u011fitimdeki hedefi milli ekonominin in\u015fas\u0131nda ihtiya\u00e7 olan nitelikli ustalar\u0131 yeti\u015ftirmekti. \u00dclkemizin milli ekonomisi sat\u0131larak ortadan kald\u0131r\u0131l\u0131rken bug\u00fcn E\u011fitim felsefesi de milli ama\u00e7lara hizmet etmeme noktas\u0131na \u00e7ekildi, yerli bir m\u00fcfredat\u0131m\u0131z bile yok art\u0131k. Bu haftan\u0131n ad\u0131 bile de\u011fi\u015fti.<\/p>\n\n\n\n<p><\/p>\n\n\n\n<p>Hamit Turna\u2019n\u0131n okulunda ba\u015fka g\u00fczellikler de var. Caml\u0131 dolaplar dolusu madalyalar, plaketler\u2026 Ve, harika bir gemi maket koleksiyonu var. Bu gemileri ge\u00e7en y\u0131l \u015fehir merkezinde a\u00e7t\u0131\u011f\u0131 sergide g\u00f6rm\u00fc\u015ft\u00fcm. Bug\u00fcn odas\u0131nda yeni hobisini fark ettim, m\u00fczik aletleri toplamaya ba\u015flam\u0131\u015f. Antika bir akordeon vard\u0131, \u00e7almadan olmazd\u0131. Bir de \u00e7e\u015fmib\u00fclb\u00fcl vard\u0131. Topraktan, i\u00e7ine su doldurup \u00fcfleyince kanarya sesi verir.<\/p>\n\n\n\n<p>\u00c7e\u015fmib\u00fclb\u00fcl dedi\u011fimiz bu toprak \u00e7alg\u0131y\u0131 besteci Leopold Mozart Oyuncaklar Senfonisi eserinde kullanm\u0131\u015ft\u0131. 1985 Ankara y\u0131llar\u0131ma gittim\u2026 \u0130lk anaokullar\u0131nda m\u00fczik dersi vermeye ba\u015flad\u0131\u011f\u0131mda \u00e7ok say\u0131da \u00e7e\u015fmib\u00fclb\u00fcl sat\u0131n alm\u0131\u015ft\u0131m Kapadokya\u2019daki testicilerden. Sonra \u00c7ankaya\u2019n\u0131n ana okullar\u0131nda moda olmu\u015ftu bu \u00e7alg\u0131. O s\u00fcre\u00e7 beni \u00c7ocukluk \u00c7a\u011f\u0131 M\u00fczik E\u011fitimi kitaplar\u0131 yazmaya g\u00f6t\u00fcrd\u00fc, alanda ilki ba\u015flatm\u0131\u015ft\u0131m. \u0130lk kitab\u0131m 1995\u2019de Ya-Pa da ve ard\u0131ndan K\u00d6K Yay\u0131nc\u0131l\u0131kta bas\u0131ld\u0131. M\u00fczik Nas\u0131l \u00d6\u011fretilir kitab\u0131m, Oyunlu \u015eark\u0131lar, E\u011fitimde Drama\u2026Sonra Macaristan Sultan Kutay Enstit\u00fcs\u00fcne gidi\u015fim, sonra 2004 y\u0131l\u0131nda Kanarya adalar\u0131nda D\u00fcnya M\u00fczik Konferans\u0131nda buldum kendimi.<\/p>\n\n\n\n<p>Bug\u00fcn 17 Aral\u0131k 2025, Yerli Mal\u0131 haftas\u0131nda davet edildi\u011fim \u00d6zel Bilge \u0130lkokulunda y\u0131llar sonra \u00e7ocuklarla m\u00fczik dersi yapt\u0131m diye sevin\u00e7ten u\u00e7uyorum. Bu g\u00fczelli\u011fi bug\u00fcn bana ya\u015fatan dostlar\u0131ma ben de bir s\u00fcrpriz yapaca\u011f\u0131m, Mozart\u2019\u0131n Oyuncaklar Senfonisini bug\u00fcn derse girdi\u011fim s\u0131n\u0131f\u0131n \u00f6\u011frencileriyle etkinlik haline getirmeyi tasarl\u0131yorum.<\/p>\n\n\n\n<p>\u00c7ocuklarla m\u00fczik \u00e7al\u0131\u015fma y\u00f6ntemlerini ge\u00e7 de olsa Rize\u2019ye vermek heyecan\u0131 d\u00fc\u015ft\u00fc y\u00fcre\u011fime. Dilerim ger\u00e7ekle\u015fir. Yeni y\u0131la bu heyecanla girece\u011fim.<\/p>\n\n\n\n<p>Bu arada, 27 Aral\u0131k\u2019ta ANITKAB\u0130R\u2019DE HA\u0130NS\u0130Z T\u00dcRK\u0130YE BULU\u015eMASI i\u00e7in Ankara\u2019ya sizi de bekliyorum.<\/p>\n\n\n\n<p>Bir de,1.s\u0131n\u0131f Matematik kitab\u0131ndaki Barzani bayra\u011f\u0131 reklam\u0131n\u0131 velilere g\u00f6stermek istiyorum. Bu kitab\u0131 kullanmay\u0131 red edecek veliler \u00e7\u0131kmal\u0131. Cumhuriyetimizin milli ve yerli e\u011fitimine tekrar d\u00f6nmeliyiz.<\/p>\n\n\n\n<p>Bitirirken; Sevgili Sat\u0131 Turna \u00f6\u011fretmenimizle okulun Yerli Mal\u0131 Haftas\u0131 k\u00f6\u015fesinden hepinize sa\u011fl\u0131k esenlik dileklerimizi g\u00f6nderiyoruz.<\/p>\n\n\n\n<figure class=\"wp-block-image size-large is-resized\"><img loading=\"lazy\" src=\"https:\/\/mahiye.com\/wp-content\/uploads\/2025\/12\/image.png\" alt=\"\" class=\"wp-image-2014\" width=\"397\" height=\"528\" srcset=\"https:\/\/mahiye.com\/wp-content\/uploads\/2025\/12\/image.png 448w, https:\/\/mahiye.com\/wp-content\/uploads\/2025\/12\/image-226x300.png 226w\" sizes=\"(max-width: 397px) 100vw, 397px\" \/><\/figure>\n\n\n\n<p>Mahiye Morg\u00fcl \/Rize<\/p>\n","protected":false},"excerpt":{"rendered":"<p>Okullarda bu hafta Yerli Mal\u0131 haftas\u0131 vard\u0131. \u00d6zel Bilge Okullar\u0131n\u0131n y\u00f6neticisi de\u011ferli arkada\u015f\u0131m Hamit Turna ve e\u015fi Sat\u0131 Han\u0131m bu seneki kutlamaya beni davet ettiler.&#8230;<\/p>\n<div class=\"more-link-wrapper\"><a class=\"more-link\" href=\"https:\/\/mahiye.com\/index.php\/2025\/12\/19\/yerli-mali-haftasini-ozel-bilge-ilkokulunda-kutladim-19-12-2025\/\">Devam\u0131n\u0131 Oku<span class=\"screen-reader-text\">Yerli Mal\u0131 Haftas\u0131n\u0131 \u00d6zel Bilge \u0130lkokulunda Kutlad\u0131m (19.12.2025)<\/span><\/a><\/div>\n","protected":false},"author":2,"featured_media":0,"comment_status":"closed","ping_status":"open","sticky":false,"template":"","format":"standard","meta":{"spay_email":""},"categories":[1],"tags":[],"jetpack_featured_media_url":"","_links":{"self":[{"href":"https:\/\/mahiye.com\/index.php\/wp-json\/wp\/v2\/posts\/2013"}],"collection":[{"href":"https:\/\/mahiye.com\/index.php\/wp-json\/wp\/v2\/posts"}],"about":[{"href":"https:\/\/mahiye.com\/index.php\/wp-json\/wp\/v2\/types\/post"}],"author":[{"embeddable":true,"href":"https:\/\/mahiye.com\/index.php\/wp-json\/wp\/v2\/users\/2"}],"replies":[{"embeddable":true,"href":"https:\/\/mahiye.com\/index.php\/wp-json\/wp\/v2\/comments?post=2013"}],"version-history":[{"count":1,"href":"https:\/\/mahiye.com\/index.php\/wp-json\/wp\/v2\/posts\/2013\/revisions"}],"predecessor-version":[{"id":2015,"href":"https:\/\/mahiye.com\/index.php\/wp-json\/wp\/v2\/posts\/2013\/revisions\/2015"}],"wp:attachment":[{"href":"https:\/\/mahiye.com\/index.php\/wp-json\/wp\/v2\/media?parent=2013"}],"wp:term":[{"taxonomy":"category","embeddable":true,"href":"https:\/\/mahiye.com\/index.php\/wp-json\/wp\/v2\/categories?post=2013"},{"taxonomy":"post_tag","embeddable":true,"href":"https:\/\/mahiye.com\/index.php\/wp-json\/wp\/v2\/tags?post=2013"}],"curies":[{"name":"wp","href":"https:\/\/api.w.org\/{rel}","templated":true}]}}