{"id":2017,"date":"2026-01-09T13:52:31","date_gmt":"2026-01-09T10:52:31","guid":{"rendered":"http:\/\/mahiye.com\/?p=2017"},"modified":"2026-01-09T13:52:33","modified_gmt":"2026-01-09T10:52:33","slug":"yenildigimi-gormektense-olurum-diyen-9-1-2026","status":"publish","type":"post","link":"https:\/\/mahiye.com\/index.php\/2026\/01\/09\/yenildigimi-gormektense-olurum-diyen-9-1-2026\/","title":{"rendered":"Yenildi\u011fimi G\u00f6rmektense \u00d6l\u00fcr\u00fcm Diyen (9.1.2026)"},"content":{"rendered":"\n<p><strong>Yenildi\u011fimi G\u00f6rmektense \u00d6l\u00fcr\u00fcm Diyen<\/strong><\/p>\n\n\n\n<p>D\u00fcnyay\u0131 kendine k\u00f6le etme hayaliyle b\u00fcy\u00fck sava\u015f haz\u0131rl\u0131klar\u0131 yapan ABD haydut devleti ile kar\u015f\u0131 kar\u015f\u0131yay\u0131z. \u00dc\u00e7\u00fcnc\u00fc d\u00fcnya sava\u015f\u0131 ba\u015fka nedir?<\/p>\n\n\n\n<p>Milat denilen s\u0131f\u0131rlama da buydu. Roma senatosunda Sezar Anadolu\u2019yu s\u0131f\u0131rlama (M\u00d6.64), yani tarihten ve haf\u0131zalardan silme karar\u0131 vermi\u015fti.<\/p>\n\n\n\n<p>Kurdu\u011fu Anadolu Birle\u015fik O\u011fuz Ordular\u0131 ile 22 O\u011fuz boyunu birle\u015ftiren Ba\u015fo\u011fuzlu (Kolk-his) imparatorumuz 48 y\u0131l Roma sald\u0131r\u0131lar\u0131na direnmi\u015f, Romal\u0131 bankerlere olan bor\u00e7lar\u0131 kald\u0131rm\u0131\u015f, Efes\u2019te bir gecede b\u00fct\u00fcn Yahudi bankerleri k\u00f6lelerine \u00f6ld\u00fcrtm\u00fc\u015f (M\u00d6.88 Efes), k\u00f6le isyanlar\u0131 \u0130talya\u2019ya s\u0131\u00e7ram\u0131\u015f, k\u00f6le tacirli\u011fini bitirmi\u015f, k\u00f6leci Roma imparatorlu\u011funu k\u00f6klerinden sarsm\u0131\u015ft\u0131.<\/p>\n\n\n\n<p>Bu Rizeli Sinop do\u011fumlu kral\u0131m\u0131z Mohti O\u011fuz (MHTI OXUS \u2013Antep Zeugma M\u00fczesi) ileri ya\u015flar\u0131nda K\u0131r\u0131m\u2019a \u00e7ekilmi\u015f, orada ordusunu toparlarken hain o\u011flu d\u00fc\u015fmana teslim olmu\u015f ve hazineleri Atina m\u00fcttefiki Hazar Yahudisi (Mavi kan) bankerlere vermi\u015fti.<\/p>\n\n\n\n<p>Kral\u0131m\u0131z Mohti O\u011fuz (Eupatore VI.Mitridate) \u201cYenildi\u011fimi g\u00f6rmektense \u00f6l\u00fcr\u00fcm\u201d diyerek, zehir i\u00e7ti, \u00f6lmedi, \u00e7\u00fcnk\u00fc her g\u00fcn panzehir al\u0131yordu, komutanlar\u0131na ba\u015f\u0131n\u0131 kesmeleri i\u00e7in emir verdi ve o \u015fekilde \u00f6lebildi. &nbsp;<\/p>\n\n\n\n<p>\u00d6l\u00fcm\u00fcyle d\u00fcnya tarihine bir kere daha ad\u0131n\u0131 yazd\u0131ran b\u00fcy\u00fck kral\u0131m\u0131zdan bize kalan en b\u00fcy\u00fck miras bug\u00fcn \u0130stiklal Harbimizin de \u015fiar\u0131 olan \u201cYa \u0130stiklal Ya \u00d6l\u00fcm\u201d veciz s\u00f6z\u00fcm\u00fczd\u00fcr. B\u00fcy\u00fck krallar\u0131n yanlar\u0131nda zehir ta\u015f\u0131malar\u0131n\u0131n nedeni odur; d\u00fc\u015fmana teslim olmaktansa kendini \u00f6l\u00fcme teslim etmek.<\/p>\n\n\n\n<p>ABD haydutlar\u0131 Maduro\u2019yu nas\u0131l sokakta te\u015fhir ediyorlar, g\u00f6r\u00fcyorsunuz. Tarihte Roma\u2019n\u0131n vandallar\u0131 da b\u00f6yle yapard\u0131. Yenik d\u00fc\u015fen Pers O\u011fuz krallar\u0131m\u0131z\u0131n ailesinden esir ald\u0131klar\u0131 kad\u0131nlar\u0131 demir kafesin i\u00e7ine koyar Roma caddelerinde te\u015fhir ederlerdi. Bu onursuzlu\u011fu ya\u015famamak i\u00e7in O\u011fuz t\u00f6resinde yenik d\u00fc\u015fen kral\u0131n ailesindeki kad\u0131nlar, k\u0131zlar\u0131 ve k\u0131zkarde\u015fleri onur intihar\u0131 yaparlard\u0131. \u015eifac\u0131 prenses Sar\u0131 Gelin onlardan biridir.<\/p>\n\n\n\n<p>D\u00f6nelim bug\u00fcne. D\u00fcnya yeniden s\u0131f\u0131rlan\u0131yor, Roma hortlad\u0131, tefeci \u015firket krallar\u0131 hepsi benim diyor. Sinsice Kartal yuvalar\u0131na guguk yumurtas\u0131 b\u0131rakt\u0131lar, kurdular tezg\u00e2hlar\u0131n\u0131, s\u0131n\u0131rs\u0131z pervas\u0131zla\u015ft\u0131lar.<\/p>\n\n\n\n<p>Art\u0131k ba\u011f\u0131ms\u0131z devletlerin ba\u015f\u0131ndakiler yanlar\u0131nda zehir ta\u015f\u0131s\u0131n diyorum. E\u011fer bu bilin\u00e7teyseler tabii.<\/p>\n\n\n\n<p>27 Aral\u0131k\u2019ta An\u0131tkabir\u2019de bulu\u015fan o g\u00fczel insanlarda o ruhu g\u00f6rd\u00fcm. Mikrofona konu\u015fan eski subaylardan biri \u015f\u00f6yle diyordu:<\/p>\n\n\n\n<p>\u201c<strong>M\u00fccadeleye devam. Kazan\u0131r m\u0131y\u0131z bilmiyorum. Ama yenildi\u011fimi g\u00f6rmeyece\u011fim!<\/strong>\u201d<\/p>\n\n\n\n<p>\u0130\u015fte bu.<\/p>\n\n\n\n<p>Eski ders kitaplar\u0131n\u0131 neden korumaya ald\u0131\u011f\u0131m\u0131 \u015fimdi daha iyi anlad\u0131n\u0131z. \u015eimdi de, evdeki ata lira alt\u0131nlar\u0131n\u0131za nas\u0131l sahip \u00e7\u0131kaca\u011f\u0131n\u0131z\u0131 konu\u015fun.<\/p>\n\n\n\n<p>Zor g\u00fcnler i\u00e7in ya da kefen paras\u0131 diyerek yast\u0131k alt\u0131na koydu\u011funuz \u00fc\u00e7 be\u015f Cumhuriyet alt\u0131n\u0131na g\u00f6z dikti k\u00fcresel efendiler. Yeni alt\u0131n kanunu geliyor, Nisan\u2019a ertelendi, bandrol alacaks\u0131n\u0131z, vergisini vereceksiniz. D\u00fcnya Bankas\u0131 T\u00fcrkiye\u2019de yast\u0131k alt\u0131 ve banka kasalar\u0131ndaki alt\u0131n miktar\u0131n\u0131 bilecek ki ona \u00e7\u00f6kebilsin.<\/p>\n\n\n\n<p>Yani d\u00fc\u015fman\u0131n \u00fclkenize \u00e7\u00f6kmesi i\u00e7in ille de yer alt\u0131nda petrol\u00fcn\u00fcz olmak zorunda de\u011fil, bizde yer alt\u0131nda ve yast\u0131k alt\u0131nda \u00e7ok\u00e7a alt\u0131n var!<\/p>\n\n\n\n<p>Anadolu\u2019da eskiler neden k\u00fcplerle topra\u011fa g\u00f6merek saklam\u0131\u015flar alt\u0131nlar\u0131n\u0131 anlad\u0131n\u0131z m\u0131? D\u00fc\u015fman gelmeden g\u00f6md\u00fc\u011f\u00fcn\u00fcz alt\u0131nlar\u0131n\u0131z sizin isminizi ve resminizi gelece\u011fe ta\u015f\u0131yacakt\u0131. Cumhuriyet alt\u0131n\u0131d\u0131r g\u00f6mece\u011finiz, de\u011fil mi? Bak\u0131n Urfa\u2019da antik Yeni Ulu \u015eehir\u2019deki bilgeler (Peygamberler) ata izlerini ta\u015flara kaz\u0131m\u0131\u015flar ve \u00fczerini toprakla \u00f6rtm\u00fc\u015fler. Bug\u00fcn, kazd\u0131k\u00e7a alt\u0131ndan m\u00fczelerimiz \u00e7\u0131k\u0131yor! Ta\u015f Tepeler diye uyduruk bir ad koydular, bunlar\u0131 daha sonra konu\u015faca\u011f\u0131z. Yabanc\u0131 arkeolog de\u011fil, yerli tarih\u00e7iler laz\u0131m bize.<\/p>\n\n\n\n<p>Amerika k\u0131tas\u0131n\u0131 tek ba\u015f\u0131na kendine ay\u0131ran s\u00f6m\u00fcrgeci ABD y\u00f6netimiyle geldik ayn\u0131 noktaya, alt\u0131na h\u00fccum\u2026 Hatta d\u00f6nd\u00fck orta\u00e7a\u011f k\u00f6leci Roma devrine. Haydi \u015fimdi da\u011flar\u0131n ba\u015f\u0131na ka\u00e7al\u0131m desek art\u0131k oraya da g\u00f6kten geliyorlar.<\/p>\n\n\n\n<p>M\u00d6.1.y\u00fczy\u0131lda, Halk-ya denilen Akdeniz sahilinde, Ka\u015f\u2019da, K\u0131n\u0131k tepelerinde M\u00d6. 1.yy ait Kay\u0131 O\u011fuzlar\u0131n Santos \u201ccanlar ate\u015fi\u201d kaya yaz\u0131s\u0131 vard\u0131 ya, onun gibi olaca\u011f\u0131z. (Bkz.Santos Kaya Yaz\u0131s\u0131) D\u00fc\u015fmana teslim olup da Roma\u2019da k\u00f6le sat\u0131lmamak i\u00e7in, e\u015fyalar\u0131n\u0131 meydana y\u0131\u011f\u0131p ate\u015fe verirler ve ailece el ele kendilerini ate\u015fe atarlar. Onlar\u0131 k\u00f6le almaya gelen Brutus\u2019a seslenirler:<\/p>\n\n\n\n<p>&nbsp;\u201cEy Roma\u2019n\u0131n haydutlar\u0131, Sezar\u2019a s\u00f6yleyin, K\u0131n\u0131k\u2019tan bir tek esir alamayacaks\u0131n\u0131z. Ya \u0130stiklal Ya \u00d6l\u00fcm!\u201d<\/p>\n\n\n\n<p>\u0130\u015fte, Mustafa Kemal\u2019in tarihten ald\u0131\u011f\u0131 ders bu kaya yaz\u0131s\u0131ndayd\u0131.<\/p>\n\n\n\n<p>\u201c\u0130stiklal Harbimizin Mayas\u0131 Santos\u2019un Ate\u015finden Gelir. Ya \u0130stiklal Ya \u00d6l\u00fcm!\u201d<\/p>\n\n\n\n<p>Ve d\u00fc\u015fman\u0131 yendik. Varl\u0131\u011f\u0131m\u0131z\u0131 tarihten sildirmedik. Ve and i\u00e7tik:<\/p>\n\n\n\n<p><strong>Varl\u0131\u011f\u0131m T\u00fcrk Varl\u0131\u011f\u0131na Arma\u011fan Olsun!<\/strong><\/p>\n\n\n\n<p><strong>Mahiye Morg\u00fcl<\/strong><\/p>\n\n\n\n<p>9.1.2026 -Rize<\/p>\n","protected":false},"excerpt":{"rendered":"<p>Yenildi\u011fimi G\u00f6rmektense \u00d6l\u00fcr\u00fcm Diyen D\u00fcnyay\u0131 kendine k\u00f6le etme hayaliyle b\u00fcy\u00fck sava\u015f haz\u0131rl\u0131klar\u0131 yapan ABD haydut devleti ile kar\u015f\u0131 kar\u015f\u0131yay\u0131z. \u00dc\u00e7\u00fcnc\u00fc d\u00fcnya sava\u015f\u0131 ba\u015fka nedir? Milat&#8230;<\/p>\n<div class=\"more-link-wrapper\"><a class=\"more-link\" href=\"https:\/\/mahiye.com\/index.php\/2026\/01\/09\/yenildigimi-gormektense-olurum-diyen-9-1-2026\/\">Devam\u0131n\u0131 Oku<span class=\"screen-reader-text\">Yenildi\u011fimi G\u00f6rmektense \u00d6l\u00fcr\u00fcm Diyen (9.1.2026)<\/span><\/a><\/div>\n","protected":false},"author":2,"featured_media":0,"comment_status":"closed","ping_status":"open","sticky":false,"template":"","format":"standard","meta":{"spay_email":""},"categories":[1],"tags":[],"jetpack_featured_media_url":"","_links":{"self":[{"href":"https:\/\/mahiye.com\/index.php\/wp-json\/wp\/v2\/posts\/2017"}],"collection":[{"href":"https:\/\/mahiye.com\/index.php\/wp-json\/wp\/v2\/posts"}],"about":[{"href":"https:\/\/mahiye.com\/index.php\/wp-json\/wp\/v2\/types\/post"}],"author":[{"embeddable":true,"href":"https:\/\/mahiye.com\/index.php\/wp-json\/wp\/v2\/users\/2"}],"replies":[{"embeddable":true,"href":"https:\/\/mahiye.com\/index.php\/wp-json\/wp\/v2\/comments?post=2017"}],"version-history":[{"count":1,"href":"https:\/\/mahiye.com\/index.php\/wp-json\/wp\/v2\/posts\/2017\/revisions"}],"predecessor-version":[{"id":2018,"href":"https:\/\/mahiye.com\/index.php\/wp-json\/wp\/v2\/posts\/2017\/revisions\/2018"}],"wp:attachment":[{"href":"https:\/\/mahiye.com\/index.php\/wp-json\/wp\/v2\/media?parent=2017"}],"wp:term":[{"taxonomy":"category","embeddable":true,"href":"https:\/\/mahiye.com\/index.php\/wp-json\/wp\/v2\/categories?post=2017"},{"taxonomy":"post_tag","embeddable":true,"href":"https:\/\/mahiye.com\/index.php\/wp-json\/wp\/v2\/tags?post=2017"}],"curies":[{"name":"wp","href":"https:\/\/api.w.org\/{rel}","templated":true}]}}