{"id":2059,"date":"2026-04-30T23:10:15","date_gmt":"2026-04-30T20:10:15","guid":{"rendered":"http:\/\/mahiye.com\/?p=2059"},"modified":"2026-04-30T23:10:17","modified_gmt":"2026-04-30T20:10:17","slug":"ataturkun-hazirlattigi-hutbeler-kitabina-ataturkun-onsozu-30-4-2026","status":"publish","type":"post","link":"https:\/\/mahiye.com\/index.php\/2026\/04\/30\/ataturkun-hazirlattigi-hutbeler-kitabina-ataturkun-onsozu-30-4-2026\/","title":{"rendered":"&#8220;Atat\u00fcrk&#8217;\u00fcn Haz\u0131rlatt\u0131\u011f\u0131 Hutbeler&#8221; Kitab\u0131na Atat\u00fcrk&#8217;\u00fcn \u00d6ns\u00f6z\u00fc (30.4.2026)"},"content":{"rendered":"\n<p>Atat\u00fcrk&#8217;\u00fcn\u00a0Haz\u0131rlatt\u0131\u011f\u0131 Hutbeler kitab\u0131n\u0131n ilk bask\u0131s\u0131n\u0131 bug\u00fcn Rize Fuar\u0131nda elime ald\u0131m. Sonraki bas\u0131m\u0131nda kald\u0131r\u0131lan bir \u00f6ns\u00f6z vard\u0131, bug\u00fcn onu tespit ettim.\u00a0<\/p>\n\n\n\n<p>Kitab\u0131n Osmanl\u0131ca ilk say\u0131s\u0131nda,\u00a0 Atat\u00fcrk&#8217;\u00fcn el yaz\u0131s\u0131yla \u00f6ns\u00f6z\u00fc:\u00a0<\/p>\n\n\n\n<p>&#8220;<strong>ALLAH B\u0130RD\u0130R VE B\u00dcY\u00dcKT\u00dcR<\/strong>&#8221;\u00a0.<\/p>\n\n\n\n<p> Yazar\u0131 Rizeli Emine \u015eeyma Usta olan bu tarihi de\u011feri \u00e7ok y\u00fcksek kitab\u0131 g\u00f6rmem i\u00e7in yazar\u0131n ye\u011feni \u0130lknur Fatma Emniyet han\u0131m bug\u00fcn fuara getirmi\u015fti. Kendisine \u00e7ok te\u015fekk\u00fcr ediyorum. <\/p>\n\n\n\n<p>Yazar \u015eeyma Han\u0131m, Rize \u0130slampa\u015fa mahallesinden Kuvayi Milliye\u00a0Kahraman\u0131 Zekeriya Tiryaki&#8217;nin k\u0131z\u0131ndan torunu olur. Halen mezar\u0131 Pazark\u00f6y&#8217;dedir.\u00a0Atat\u00fcrk&#8217;\u00fcn Haz\u0131rlatt\u0131\u011f\u0131 Hutbeler kitab\u0131n\u0131 Osmanl\u0131ca ilk bask\u0131s\u0131ndan bug\u00fcnk\u00fc T\u00fcrk\u00e7e&#8217;ye \u00e7evirmi\u015fti.\u00a0Kitab\u0131n ad\u0131 internette her bir bask\u0131da de\u011fi\u015ftirilmi\u015f gibiydi. <\/p>\n\n\n\n<p>Sipari\u015f verdim, getirttim. Farkl\u0131 anlamlara gelen farkl\u0131 adlar\u0131 dikkatimi \u00e7ekti: Atat\u00fcrk&#8217;\u00fcn Cuma Hutbeleri, Atat\u00fcrk&#8217;\u00fcn\u00a0Haz\u0131rlatt\u0131\u011f\u0131 Cuma Hutbeleri ve yazar\u0131n eliyle ye\u011feni Fatma Emniyet&#8217;e imzalad\u0131\u011f\u0131, bug\u00fcn elime ald\u0131\u011f\u0131m kitaptaki ad\u0131 ise ATAT\u00dcRK&#8217;\u00dcN HAZIRLATTI\u011eI HUTBELER.\u00a0<\/p>\n\n\n\n<p>Bu kadar farkl\u0131 ad alt\u0131nda bas\u0131mlar\u0131ndan huylan\u0131yordum. \u0130\u015fte bug\u00fcn yazar\u0131n orijinal imzal\u0131 kitab\u0131n\u0131\u00a0ye\u011feni Fatma Emniyet han\u0131m fuarda elime verdi. Endi\u015felenmek i\u00e7in hakl\u0131ym\u0131\u015f\u0131m. <\/p>\n\n\n\n<p>Tahmin etti\u011fim gibi, Atat\u00fcrk&#8217;\u00fcn Haz\u0131rlatt\u0131\u011f\u0131 Hutbeler kitab\u0131n\u0131n ilk bask\u0131s\u0131ndaki o ilk sayfa sonradan yap\u0131lan 2005 bas\u0131m\u0131nda, yani &#8220;Atat\u00fcrk&#8217;\u00fcn\u00a0Cuma Hutbeleri&#8221; diyen kitab\u0131nda yok! Atat\u00fcrk&#8217;\u00fcn el yaz\u0131s\u0131yla Osmanl\u0131ca olarak yazd\u0131\u011f\u0131 (hen\u00fcz\u00a0dil devrimi yap\u0131lmam\u0131\u015ft\u0131) kitab\u0131n giri\u015findeki &#8220;<strong>Allah Birdir ve B\u00fcy\u00fckt\u00fcr&#8221;<\/strong>\u00a0yaz\u0131s\u0131 \u015fu an elimde olan 2005 bas\u0131m\u0131 \u0130leri yay\u0131n\u0131nda yok. <\/p>\n\n\n\n<p>Birileri bu yaz\u0131y\u0131 kald\u0131rm\u0131\u015f g\u00f6r\u00fcn\u00fcyor.\u00a0Allah bilir hutbelerde\u00a0de yap\u0131lm\u0131\u015f\u00a0tahrifatlar vard\u0131r. Kar\u015f\u0131la\u015ft\u0131racak g\u00f6n\u00fcll\u00fcler \u00e7\u0131ks\u0131n.<\/p>\n\n\n\n<p>Pek \u00e7ok tart\u0131\u015fmay\u0131 ortadan kald\u0131racak olan bu el yaz\u0131s\u0131n\u0131 yeniden koyup basmak gerekir.\u00a0Bu heyecanla kitap elimde fuarda dola\u015fmaya ba\u015flad\u0131m, g\u00f6sterecek\u00a0birileri \u00e7\u0131ks\u0131n kar\u015f\u0131ma istedim. <\/p>\n\n\n\n<p>Ne g\u00fczel tesad\u00fcf ki Belediyenin dinlenme b\u00f6l\u00fcm\u00fcnde Ba\u015fkan Rahmi Metin vard\u0131. Kitab\u0131 g\u00f6rmesi i\u00e7in ona uzatt\u0131m ve a\u00e7t\u0131m, Atat\u00fcrk&#8217;\u00fcn el yaz\u0131s\u0131yla &#8220;<strong>Allah Birdir ve B\u00fcy\u00fckt\u00fcr<\/strong>&#8221; yaz\u0131s\u0131n\u0131 y\u00fcksek sesle okudum. <\/p>\n\n\n\n<p>Kitab\u0131 elimden ald\u0131, o da heyecanlanm\u0131\u015ft\u0131. &#8220;Bu kitab\u0131 belediye olarak basal\u0131m&#8221; dedim. Kitab\u0131n sahibi burada diyerek Fatma Emniyet han\u0131m\u0131n stand\u0131n\u0131 g\u00f6sterdim, oraya do\u011fru y\u00fcr\u00fcmeye ba\u015flad\u0131k.\u00a0Zaten ba\u015fkanla tan\u0131\u015f\u0131yorlard\u0131. Rahmi bey, &#8220;Kitab\u0131 bu ak\u015fam okumak istiyorum, bende kals\u0131n&#8221; dedi. <\/p>\n\n\n\n<p>Bu ak\u015fam Atat\u00fcrk&#8217;\u00fcn Haz\u0131rlatt\u0131\u011f\u0131 Hutbeler kitab\u0131 Rahmi Beyin evinde okunuyor!<\/p>\n\n\n\n<p>Yazar \u015eeyma Usta, kitab\u0131n\u0131 ye\u011fenine &#8220;Ye\u011fenim Fatma Emniyet&#8217;e&#8221; diyerek imzalam\u0131\u015ft\u0131. Yani kitab\u0131n manevi miras\u00e7\u0131lar\u0131ndan birisi de kendisiydi.\u00a0<\/p>\n\n\n\n<p>B\u00f6ylece bug\u00fcn Rize Kitap Fuarda hepimiz bir gurur sahnesi ya\u015fad\u0131k. Bir tarihi belgeye tan\u0131k olduk ve Atat\u00fcrk&#8217;\u00fcn Haz\u0131rlatt\u0131\u011f\u0131 Hutbeler kitab\u0131na koydu\u011fu el yaz\u0131s\u0131n\u0131, o \u00e7ok \u00f6zel s\u00f6z\u00fc, tan\u0131klar huzurunda g\u00fcn \u0131\u015f\u0131\u011f\u0131na \u00e7\u0131kartt\u0131k.\u00a0<\/p>\n\n\n\n<p><strong>&#8220;ALLAH B\u0130RD\u0130R VE B\u00dcY\u00dcKT\u00dcR!&#8221;<\/strong><\/p>\n\n\n\n<p><strong>Rize halk\u0131na gururla sunuyorum.<\/strong><\/p>\n\n\n\n<p>Mahiye Morg\u00fcl -Rize \/ 30.4.2026<br><strong>Not<\/strong>:2 May\u0131s Cumartesi g\u00fcn\u00fc Pazar ADD \u015eubesinde saat 14.00 de &#8220;Pazar&#8217;dan Antik Karadeniz&#8217;e Bilim Tarihi&#8221; s\u00f6yle\u015fimize hepiniz davetlisiniz.<\/p>\n","protected":false},"excerpt":{"rendered":"<p>Atat\u00fcrk&#8217;\u00fcn\u00a0Haz\u0131rlatt\u0131\u011f\u0131 Hutbeler kitab\u0131n\u0131n ilk bask\u0131s\u0131n\u0131 bug\u00fcn Rize Fuar\u0131nda elime ald\u0131m. Sonraki bas\u0131m\u0131nda kald\u0131r\u0131lan bir \u00f6ns\u00f6z vard\u0131, bug\u00fcn onu tespit ettim.\u00a0 Kitab\u0131n Osmanl\u0131ca ilk say\u0131s\u0131nda,\u00a0 Atat\u00fcrk&#8217;\u00fcn&#8230;<\/p>\n<div class=\"more-link-wrapper\"><a class=\"more-link\" href=\"https:\/\/mahiye.com\/index.php\/2026\/04\/30\/ataturkun-hazirlattigi-hutbeler-kitabina-ataturkun-onsozu-30-4-2026\/\">Devam\u0131n\u0131 Oku<span class=\"screen-reader-text\">&#8220;Atat\u00fcrk&#8217;\u00fcn Haz\u0131rlatt\u0131\u011f\u0131 Hutbeler&#8221; Kitab\u0131na Atat\u00fcrk&#8217;\u00fcn \u00d6ns\u00f6z\u00fc (30.4.2026)<\/span><\/a><\/div>\n","protected":false},"author":2,"featured_media":0,"comment_status":"closed","ping_status":"open","sticky":false,"template":"","format":"standard","meta":{"spay_email":""},"categories":[1],"tags":[],"jetpack_featured_media_url":"","_links":{"self":[{"href":"https:\/\/mahiye.com\/index.php\/wp-json\/wp\/v2\/posts\/2059"}],"collection":[{"href":"https:\/\/mahiye.com\/index.php\/wp-json\/wp\/v2\/posts"}],"about":[{"href":"https:\/\/mahiye.com\/index.php\/wp-json\/wp\/v2\/types\/post"}],"author":[{"embeddable":true,"href":"https:\/\/mahiye.com\/index.php\/wp-json\/wp\/v2\/users\/2"}],"replies":[{"embeddable":true,"href":"https:\/\/mahiye.com\/index.php\/wp-json\/wp\/v2\/comments?post=2059"}],"version-history":[{"count":1,"href":"https:\/\/mahiye.com\/index.php\/wp-json\/wp\/v2\/posts\/2059\/revisions"}],"predecessor-version":[{"id":2060,"href":"https:\/\/mahiye.com\/index.php\/wp-json\/wp\/v2\/posts\/2059\/revisions\/2060"}],"wp:attachment":[{"href":"https:\/\/mahiye.com\/index.php\/wp-json\/wp\/v2\/media?parent=2059"}],"wp:term":[{"taxonomy":"category","embeddable":true,"href":"https:\/\/mahiye.com\/index.php\/wp-json\/wp\/v2\/categories?post=2059"},{"taxonomy":"post_tag","embeddable":true,"href":"https:\/\/mahiye.com\/index.php\/wp-json\/wp\/v2\/tags?post=2059"}],"curies":[{"name":"wp","href":"https:\/\/api.w.org\/{rel}","templated":true}]}}