{"id":877,"date":"2018-05-10T09:30:59","date_gmt":"2018-05-10T06:30:59","guid":{"rendered":"http:\/\/mahiye.com\/?p=877"},"modified":"2018-05-10T09:30:59","modified_gmt":"2018-05-10T06:30:59","slug":"egitimci-gozuyle-muharrem-ince-ile-yola-devam-karari-5-5-2018","status":"publish","type":"post","link":"https:\/\/mahiye.com\/index.php\/2018\/05\/10\/egitimci-gozuyle-muharrem-ince-ile-yola-devam-karari-5-5-2018\/","title":{"rendered":"E\u011fitimci g\u00f6z\u00fcyle Muharrem \u0130nce ile yola devam karar\u0131 5.5.2018"},"content":{"rendered":"<p><strong>\u00a0 \u00a0 \u00a0 \u00a0 \u00a0 \u00a0E\u011fitimci g\u00f6z\u00fcyle<\/strong> <strong>Muharrem \u0130nce ile yola devam karar\u0131 <\/strong><\/p>\n<p><strong>\u00a0<\/strong><\/p>\n<p>CHP Cumhurba\u015fkan\u0131 aday\u0131n\u0131 belirledi, Muharrem \u0130nce ile yola devam edecek. Hay\u0131rl\u0131 olsun, kendisini tebrik ederim. Kendisi de \u00f6\u011fretmen k\u00f6kenli oldu\u011fu i\u00e7in bir e\u011fitimci yazar olarak adayl\u0131\u011f\u0131 hakk\u0131nda yazmaya karar verdim.<\/p>\n<p>Devlet okullar\u0131nda \u00f6\u011fretmenlik yapmas\u0131na f\u0131rsat verilmeyen bir ku\u015faktand\u0131r. \u00a0\u00d6\u011fretmenlik deneyimi dershanede olabildi\u011fi kadard\u0131r. Ancak Fizik \u00d6\u011fretmenli\u011fi okumu\u015f olmas\u0131 bence \u00f6nemlidir. \u00c7\u00fcnk\u00fc art\u0131k ortada ne Fizik kald\u0131 ne Geometri ne de Fen Bilimleri, \u0130lkokul program\u0131n\u0131 geri getirmek bile bug\u00fcn bir devrim gerektiriyor. Cumhurba\u015fkanl\u0131\u011f\u0131 ger\u00e7ekle\u015firse, Say\u0131n Muharrem \u0130nce ile en az\u0131ndan yok edilen \u0130lk-Orta-Lise Fen Programlar\u0131n\u0131 kurtarmay\u0131 konu\u015fabilece\u011fimizi d\u00fc\u015f\u00fcn\u00fcyorum.<\/p>\n<p>\u0130nce\u2019nin aday g\u00f6sterilmesini CHP\u2019de kendine d\u00f6n\u00fc\u015f olarak yorumlayanlar var. Hen\u00fcz erken. Fakat e\u011fer se\u00e7im toplant\u0131lar\u0131nda velilere e\u011fitimi bu halinden kurtarmak ve halk \u00e7ocuklar\u0131na kaybetti\u011fimiz bilimsel ve kamucu e\u011fitimi geri getirece\u011fine dair umut yaratabilirse \u0130lk\u00f6\u011fretim \u00e7a\u011f\u0131ndaki 10 milyon \u00e7ocu\u011fun orta s\u0131n\u0131f ailesini yan\u0131na al\u0131r.<\/p>\n<p>2005\u2019den beri elimdeki belge ve bilgileri aktard\u0131\u011f\u0131m bir\u00e7ok CHP milletvekili dostlar\u0131m bu belgelerle soru \u00f6nergeleri verdiler ve Meclis E\u011fitim Komisyonu raporlar\u0131nda bu belgeleri kulland\u0131lar, ancak o belgeler meclis zab\u0131tlar\u0131nda kald\u0131, halka anlat\u0131lmakta yetersiz kal\u0131nd\u0131.<\/p>\n<p>CHP E\u011fitim Komisyonlar\u0131nda s\u00f6zc\u00fc olmu\u015f milletvekilleriyle, ba\u015fta Mustafa Gazalc\u0131 (Denizli), sonra \u00e7ok yeni kaybetti\u011fimiz \u0131\u015f\u0131klar i\u00e7inde uyusun Ali Haydar \u00d6ner (\u0130sparta), daha sonra Lale Karab\u0131y\u0131k(Bursa) ve son s\u00f6zc\u00fc Ceyhun \u0130rgil (Bursa) pek\u00e7ok g\u00f6r\u00fc\u015fmelerimiz oldu. Gerek yaz\u0131lar\u0131m\u0131 internetten takip ederek, gerek kendilerine bizzat g\u00f6ndererek, gerek yaz\u0131\u015farak ve gerekse kitaplar\u0131mdan al\u0131nt\u0131 yaparak verdi\u011fim bilgilerden yararland\u0131lar. Hatta Okulda Zihin Ter\u00f6r\u00fc kitab\u0131m Lale Karab\u0131y\u0131k Han\u0131m taraf\u0131ndan Say\u0131n K\u0131l\u0131n\u00e7daro\u011flu\u2019na incelemesi i\u00e7in verilmi\u015f, titizlikle okudu\u011funa dair bana geri bildirim vermi\u015ftir. Hepsi de sa\u011f olsunlar, katk\u0131lar\u0131mdan dolay\u0131 bana her f\u0131rsatta te\u015fekk\u00fcr etmi\u015flerdir.<\/p>\n<p>Art\u0131k bu bilgi ve belgeleri Muharrem \u0130nce\u2019ye vererek elini g\u00fc\u00e7lendirmeye s\u0131ra geldi. Se\u00e7im sonu\u00e7lar\u0131n\u0131 bekleyip k\u00f6\u015fke \u00e7\u0131kaca\u011f\u0131 zamana b\u0131rakmak yerine, se\u00e7im meydanlar\u0131nda bunlar\u0131 dile getirmesinde fayda g\u00f6r\u00fcyorum. En az\u0131ndan \u0130lkokul \u00e7ocuklar\u0131n\u0131 \u00f6l\u00fcm oyununa haz\u0131rlayan MEB yay\u0131n\u0131 ders kitaplar\u0131ndan aileleri kurtaraca\u011f\u0131na dair s\u00f6z vermeli, en az\u0131ndan velilerin ders kitaplar\u0131na kar\u015f\u0131 a\u00e7m\u0131\u015f oldu\u011fu davalar\u0131n takip\u00e7isi olaca\u011f\u0131n\u0131 y\u00fcksek sesle kendilerine duyurmal\u0131d\u0131r. Memur oldu\u011fu i\u00e7in evlad\u0131n\u0131n ders kitaplar\u0131na dava a\u00e7maktan korkan anneleri ve mevcut ders kitaplar\u0131n\u0131n hi\u00e7 birinde do\u011fru Matematik \u00f6\u011fretilmedi\u011fini bildi\u011fi halde memur oldu\u011fu i\u00e7in susmak zorunda kalan \u00f6\u011fretmenleri bu k\u00e2bustan kurtaraca\u011f\u0131n\u0131 ilan etmelidir.<\/p>\n<p>Diyebilirim ki 2005\u2019den beri, ya da havuz hesaplar\u0131 ilkokul Matematik kitaplar\u0131ndan \u00e7\u0131kart\u0131ld\u0131\u011f\u0131ndan beri, dahas\u0131 hi\u00e7 Geometri g\u00f6rmeden lise bitirme modeli geldi\u011finden beri e\u011fitimin nas\u0131l buharla\u015ft\u0131\u011f\u0131n\u0131 g\u00f6rd\u00fcm ve eski ders kitaplar\u0131m\u0131z\u0131 sahaflardan toplamaya ba\u015flad\u0131m. \u015eu anda 1968 M\u00fcfredat\u0131n\u0131n t\u00fcm okul kaynaklar\u0131 sapasa\u011flam elimizdedir.<\/p>\n<p>&#8230;&#8230;.<\/p>\n<p><strong>Say\u0131n \u0130nce elinde Atom Fizi\u011fi kitab\u0131yla k\u00fcrs\u00fclere \u00e7\u0131kmal\u0131d\u0131r<\/strong><\/p>\n<p>Say\u0131n \u0130nce\u2019nin \u00f6\u011f\u00fcnerek \u201cBen Atom Fizi\u011fi okudum\u201d dedi\u011fi, \u015fimdi art\u0131k Fen Fak\u00fcltelerinde bile okutulmayan ATOM ENERJ\u0130S\u0130 HAKKINDA KAYNAK (\u0130stanbul 1967\u00a0 MEB \u00d6\u011fretmen Kitaplar\u0131:112) adl\u0131 kitap \u015fu anda ar\u015fivimde vard\u0131r.<\/p>\n<p>Madem ki Say\u0131n \u0130nce \u201cBen Atom Fizi\u011fi okudum\u201d diye \u00f6v\u00fcn\u00e7le konuyu a\u00e7t\u0131, o dersi \u015fimdi geri koyaca\u011f\u0131n\u0131 mutlaka program\u0131na almal\u0131d\u0131r. Yapaca\u011f\u0131 se\u00e7im mitinglerinde en b\u00fcy\u00fck alk\u0131\u015f\u0131 ad\u0131m gibi eminim bu konu\u015fmas\u0131nda alacakt\u0131r. \u00c7\u00fcnk\u00fc T\u00fcrk milleti kendi hasletlerini hat\u0131rlamaya hasret b\u0131rak\u0131lm\u0131\u015ft\u0131r. \u00c7\u00fcnk\u00fc <strong>T\u00fcrk milleti \u201cokudu\u011funu anlama \u00f6z\u00fcrl\u00fc\u201d a\u015fa\u011f\u0131lamas\u0131ndan art\u0131k kurtulmak istiyor.<\/strong> Milletimiz kendine bilim \u0131\u015f\u0131\u011f\u0131n\u0131 umut g\u00f6sterecek liderlere hasret kalm\u0131\u015ft\u0131r. Bu umudu zafere d\u00f6n\u00fc\u015ft\u00fcrmek ona g\u00f6rev d\u00fc\u015fm\u00fc\u015ft\u00fcr.<\/p>\n<p>Bug\u00fcn bana bu yaz\u0131y\u0131 yazd\u0131ran y\u00fcrek co\u015fkum i\u015fte Muharrem \u0130nce\u2019nin bu hakl\u0131 \u00f6v\u00fcnc\u00fc oldu. Ona bu e\u011fitimi verenlere olan manevi borcunu kendisine an\u0131msatmak istiyorum. Bu sene 1.s\u0131n\u0131fa ba\u015flayan 7 ya\u015f\u0131ndaki iki torunumun da bir g\u00fcn ayn\u0131 kitaplarla okumas\u0131n\u0131 istiyorum. Bu sene \u00f6nlerine koyduklar fareli y\u0131lanl\u0131 mavi balinal\u0131 ders kitaplar\u0131ndan sonra nas\u0131l olacak. Her \u00e7ocu\u011fumuz ayn\u0131 Atom Fizi\u011fi dersini alabilmelidir; s\u00f6z\u00fcn\u00fcn sonunu getirmesi i\u00e7in kendisine dua edece\u011fim. Her \u00e7ocu\u011fumuzun ayn\u0131 bilimsel e\u011fitimi alma hakk\u0131 oldu\u011funu se\u00e7im meydanlar\u0131nda afi\u015flere yazd\u0131rmal\u0131d\u0131r.<\/p>\n<p>Sevgili Muharrem \u0130nce\u2019ye bir \u00f6v\u00fcn\u00e7 malzemesi daha vereyim; 1926\u2019da Kayseri U\u00e7ak Fabrikas\u0131n\u0131n kurucu m\u00fchendislerinden Muammer Morg\u00fcl 1934 S\u00fcmerbank\u2019\u0131n da kurucu m\u00fchendislerindendir. Anne taraf\u0131ndan kan ba\u011flar\u0131 var. S\u00fcmerbank\u2019\u0131 yeniden a\u00e7aca\u011f\u0131n\u0131z\u0131 da s\u00f6yleyin, b\u00fcy\u00fck dedenizin ruhu \u015fad olsun. Sizin gibi Atom Fizi\u011fi okumu\u015f bir \u00f6\u011fretmeni aday g\u00f6stermekle bu milletin \u00e7ocuklar\u0131 dedelerinin g\u00f6rd\u00fc\u011f\u00fc dersleri g\u00f6rerek okumay\u0131 \u00e7oktan hak etmi\u015flerdir. Tekrar yaz\u0131yorum, sizi okutan \u00f6\u011fretmenlerinizin torunlar\u0131na Atom Fizi\u011fi dersi okutmak borcunuz var.<\/p>\n<p>Ge\u00e7mi\u015fte AB\u2019ye uyum projelerinin cazibesine kap\u0131larak okullar\u0131 yerel y\u00f6netimlere devretmekten s\u00f6z eden CHP\u2019liler olmu\u015fsa da, art\u0131k bu gibi emperyalist projelerden uzak durma zaman\u0131 gelmi\u015ftir. \u00c7\u00fcnk\u00fc CHP taban\u0131 AB ve ABD kaynakl\u0131 projelere ge\u00e7it vermek istemedi\u011fini d\u0131\u015far\u0131dan aday g\u00f6stermeyip i\u00e7eriden yeti\u015fen Muharrem \u0130nce\u2019yi aday g\u00f6stererek belli etmi\u015ftir. Muharrem \u0130nce i\u015fte bu milli refleksi bundan sonra daha fazla dikkate almak zorunda kalacakt\u0131r.<\/p>\n<p>&#8230;&#8230;&#8230;<\/p>\n<p>\u015eimdi Say\u0131n Muharrem \u0130nce ile akraba sohbetine ge\u00e7mek istiyorum.<\/p>\n<p>Annesi benimle ayn\u0131 k\u00f6kten, Rize \u00c7ayeli Morg\u00fcl\u2019lerdendir. Ailesiyle bir kere telefonla tan\u0131\u015fm\u0131\u015ft\u0131m. Hepsini \u015fimdi ayr\u0131 ayr\u0131 tebrik ediyorum, tamam\u0131n\u0131 g\u00f6rmek nasip olsun diliyorum. Bir de Amerika\u2019ya yerle\u015fmi\u015f olan vaktiyle uzun yol gemilerinde \u00e7al\u0131\u015fm\u0131\u015f \u00e7ok sevdi\u011fi yak\u0131\u015f\u0131kl\u0131 s\u00fcvari bir day\u0131s\u0131 var(d\u0131). Day\u0131n\u0131n ad\u0131n\u0131 unuttum, g\u00fcvertede \u00e7ekilmi\u015f bir foto\u011fraf\u0131n\u0131 g\u00f6rm\u00fc\u015ft\u00fcm. Say\u0131n \u0130nce\u2019nin Morg\u00fcl day\u0131s\u0131 eminim en \u00e7ok sevinen akrabas\u0131 olmu\u015ftur. Sa\u011f ise Cumhurba\u015fkan\u0131 aday\u0131 ye\u011fenini tebrik etmeye mutlaka gelecektir.<\/p>\n<p>Anne taraf\u0131ndan Rize \u00c7ayeli torunu olan Muharrem \u0130nce\u2019nin babadan Balkan torunu olmas\u0131yla toplad\u0131\u011f\u0131 genlere de bakal\u0131m. Tam ortada Yalova\u2019da bulu\u015fmu\u015f iki genetik k\u00f6ken. Kim daha fazla Osmanl\u0131y\u0131 (Devlet-i \u00c2li\u2019yi) temsil eder diye soranlara iyi cevap olur.<\/p>\n<p>Balkan deyince, badeyi \u201cdolu\u201d kald\u0131ran Bekta\u015fileri anmadan olmaz. Bir de Fatih\u2019in b\u00fcy\u00fck komutan\u0131 Balaban Pa\u015fa (Bekta\u015fi) gelir akl\u0131ma. Bug\u00fcn kimse onun dost meclisinde ka\u00e7 bade i\u00e7ti\u011fini konu\u015fmuyor, \u0130stanbul\u2019un surlar\u0131na nas\u0131l t\u0131rmand\u0131\u011f\u0131 yaz\u0131yor tarih kitaplar\u0131nda.<\/p>\n<p>Hem ki, Fatih\u2019in Edirne\u2019de toplan\u0131p \u0130stanbul\u2019a y\u00fcr\u00fcyen \u015fanl\u0131 ordusunda ka\u00e7 asker Anadolu\u2019dan gelen Baba\u011fand\u0131 (Alevi, Babai) ka\u00e7\u0131 Balaban Pa\u015fan\u0131n Kosova\u2019dan getirdi\u011fi Bekta\u015fiydi, bunlar sorulmaz bug\u00fcn. Bekta\u015fi torunu Muharrem \u0130nce\u2019nin eskiden i\u00e7ti\u011fi bade de sorulmamal\u0131. Biz yapt\u0131\u011f\u0131 i\u015fe bakaca\u011f\u0131z, Fatih Sultan Mehmet\u2019in top d\u00f6k\u00fcm\u00fc i\u00e7in yapt\u0131rd\u0131\u011f\u0131 Tophane Sanat Mektebinde okutulan geometri ve metal\u00fcrji derslerini yeniden okutup okutmad\u0131\u011f\u0131na bakaca\u011f\u0131z.<\/p>\n<p>\u00d6nemli bir nokta daha; Anadolu ile Rumeli\u2019nin genlerini birle\u015ftirmi\u015f olmak gibi Anadolu ile Rumeli\u2019nin oylar\u0131n\u0131 birle\u015ftirmi\u015f olmak da \u00f6nemlidir. Muharrem \u0130nce bu avantajlarla bug\u00fcn kar\u015f\u0131m\u0131zdad\u0131r. Yolu a\u00e7\u0131k olsun.<\/p>\n<p>Daha \u00f6nceki y\u0131llarda CHP\u2019de e\u011fitim komisyonlar\u0131nda g\u00f6rev alm\u0131\u015f olan milletvekilleri ile oldu\u011fu gibi kendisi de e\u011fitimle ilgili g\u00f6r\u00fc\u015f ve \u00f6nerilerimize a\u00e7\u0131k oldu\u011fu s\u00fcrece, kitaplar\u0131mdan ve yaz\u0131lar\u0131mdan yararlanmak istedi\u011fi s\u00fcrece, yan\u0131nda olaca\u011f\u0131m. Ayn\u0131 \u015fekilde di\u011fer partilerden de kim ki buharla\u015ft\u0131r\u0131lan muhte\u015fem 68 M\u00fcfredat\u0131n\u0131 geri koyaca\u011f\u0131na s\u00f6z verirse b\u00fct\u00fcn kaynaklar\u0131m\u0131 ve eme\u011fimi onun hizmetine verece\u011fime ben de s\u00f6z veriyorum. \u00c7\u00fcnk\u00fc \u00f6nce \u00e7ocuklar\u0131m\u0131z ve torunlar\u0131m\u0131z diyorum.<\/p>\n<p><strong>&#8230;&#8230;.<\/strong><\/p>\n<p><strong>Adaylara imza&#8230;<\/strong><\/p>\n<p>Cumhurba\u015fkan\u0131 adaylar\u0131ndan Do\u011fu Perin\u00e7ek i\u00e7in gittim imza verdim. Avrupa mahkemelerinde soyk\u0131r\u0131mc\u0131lara tarihi ders verdi, T\u00fcrkiye Gen\u00e7lik Birli\u011fi gibi bir vatansever gen\u00e7lik kitlesi yeti\u015ftirdi, Silivri mahkemelerinde dik durdu&#8230; Ancak 8 y\u0131ll\u0131k \u0130lk\u00f6\u011fretimde 10 milyon \u00e7ocu\u011fun ailesini ilgilendiren e\u011fitimin bir batakl\u0131\u011fa nas\u0131l d\u00f6n\u00fc\u015ft\u00fcr\u00fcld\u00fc\u011f\u00fcn\u00fc g\u00f6remedi. Ge\u00e7en hafta gazeteci Rafet Ball\u0131 kendisine canl\u0131 yay\u0131nda \u201c E\u011fitim dibe vurdu, AKP de bundan rahats\u0131z, ne diyorsunuz?\u201d diye \u00e7anak soru sordu\u011funda \u201cO kolay, onu hallederiz\u201d demekle yetindi. Eyvah tabii. Art\u0131lar\u0131n\u0131 sayarak ve e\u011fitimle ilgili ele\u015ftiri hakk\u0131m\u0131 sakl\u0131 tutarak imzam\u0131 Do\u011fu Beye verdim. \u00c7\u00fcnk\u00fc se\u00e7im meydanlar\u0131nda di\u011fer s\u00f6yleyeceklerini \u00f6nemsiyorum.<\/p>\n<p><strong>&#8230;&#8230;..<\/strong><\/p>\n<p><strong>\u00dc\u00e7 Fidan\u2019a sayg\u0131&#8230;<\/strong><\/p>\n<p>Yar\u0131n Deniz\u2019in Yusuf\u2019un H\u00fcseyin\u2019in mezar\u0131na \u00fc\u00e7 dal leylak g\u00f6t\u00fcrece\u011fim. \u00c7ok kalabal\u0131k olur, biraz tenha saatlerde gidece\u011fim, dertle\u015fmek istiyorum.<\/p>\n<p>Bu mevsim buralarda leylaklar a\u00e7\u0131l\u0131r, g\u00fczel kokar. Al\u0131\u015fkanl\u0131k oldu,\u00a0 her 6 May\u0131s\u2019ta canlara leylak g\u00f6t\u00fcr\u00fcyorum. Bir de hemen yanlar\u0131na g\u00f6md\u00fc\u011f\u00fcm\u00fcz \u00fcnl\u00fc savunmanlar\u0131 Halit \u00c7elenk a\u011fabeyimize g\u00f6t\u00fcrece\u011fim.<\/p>\n<p>Tam Ba\u011f\u0131ms\u0131z T\u00fcrkiye i\u00e7in her \u015feyi g\u00f6ze ald\u0131lar, \u0131\u015f\u0131klar i\u00e7inde uyusunlar.<\/p>\n<p>&nbsp;<\/p>\n<p>Mahiye Morg\u00fcl<\/p>\n<p>5.5.2018<\/p>\n","protected":false},"excerpt":{"rendered":"<p>\u00a0 \u00a0 \u00a0 \u00a0 \u00a0 \u00a0E\u011fitimci g\u00f6z\u00fcyle Muharrem \u0130nce ile yola devam karar\u0131 \u00a0 CHP Cumhurba\u015fkan\u0131 aday\u0131n\u0131 belirledi, Muharrem \u0130nce ile yola devam edecek. Hay\u0131rl\u0131&#8230;<\/p>\n<div class=\"more-link-wrapper\"><a class=\"more-link\" href=\"https:\/\/mahiye.com\/index.php\/2018\/05\/10\/egitimci-gozuyle-muharrem-ince-ile-yola-devam-karari-5-5-2018\/\">Devam\u0131n\u0131 Oku<span class=\"screen-reader-text\">E\u011fitimci g\u00f6z\u00fcyle Muharrem \u0130nce ile yola devam karar\u0131 5.5.2018<\/span><\/a><\/div>\n","protected":false},"author":2,"featured_media":0,"comment_status":"closed","ping_status":"open","sticky":false,"template":"","format":"standard","meta":{"spay_email":""},"categories":[1],"tags":[],"jetpack_featured_media_url":"","_links":{"self":[{"href":"https:\/\/mahiye.com\/index.php\/wp-json\/wp\/v2\/posts\/877"}],"collection":[{"href":"https:\/\/mahiye.com\/index.php\/wp-json\/wp\/v2\/posts"}],"about":[{"href":"https:\/\/mahiye.com\/index.php\/wp-json\/wp\/v2\/types\/post"}],"author":[{"embeddable":true,"href":"https:\/\/mahiye.com\/index.php\/wp-json\/wp\/v2\/users\/2"}],"replies":[{"embeddable":true,"href":"https:\/\/mahiye.com\/index.php\/wp-json\/wp\/v2\/comments?post=877"}],"version-history":[{"count":1,"href":"https:\/\/mahiye.com\/index.php\/wp-json\/wp\/v2\/posts\/877\/revisions"}],"predecessor-version":[{"id":878,"href":"https:\/\/mahiye.com\/index.php\/wp-json\/wp\/v2\/posts\/877\/revisions\/878"}],"wp:attachment":[{"href":"https:\/\/mahiye.com\/index.php\/wp-json\/wp\/v2\/media?parent=877"}],"wp:term":[{"taxonomy":"category","embeddable":true,"href":"https:\/\/mahiye.com\/index.php\/wp-json\/wp\/v2\/categories?post=877"},{"taxonomy":"post_tag","embeddable":true,"href":"https:\/\/mahiye.com\/index.php\/wp-json\/wp\/v2\/tags?post=877"}],"curies":[{"name":"wp","href":"https:\/\/api.w.org\/{rel}","templated":true}]}}