{"id":921,"date":"2018-09-09T21:21:23","date_gmt":"2018-09-09T18:21:23","guid":{"rendered":"http:\/\/mahiye.com\/?p=921"},"modified":"2018-09-09T21:21:23","modified_gmt":"2018-09-09T18:21:23","slug":"icimizdeki-gattolar-tevhid-i-tedrisata-goz-dikti-9-9-2018","status":"publish","type":"post","link":"https:\/\/mahiye.com\/index.php\/2018\/09\/09\/icimizdeki-gattolar-tevhid-i-tedrisata-goz-dikti-9-9-2018\/","title":{"rendered":"\u0130\u00e7imizdeki Gatto\u2019lar Tevhid-i Tedrisata G\u00f6z Dikti 9.9.2018"},"content":{"rendered":"<p><strong>\u00a0 \u00a0 \u00a0 \u00a0 \u00a0\u00a0<\/strong><\/p>\n<p><strong>\u00a0 \u00a0 \u00a0 \u00a0 \u00a0 \u00a0 \u00a0\u0130\u00e7imizdeki Gatto\u2019lar Tevhid-i Tedrisata G\u00f6z Dikti<\/strong><\/p>\n<p>\u00d6\u011fretmenlere eyl\u00fcl seminerinde dayat\u0131lan iki kitaptan biri Talim Terbiye Ba\u015fkan\u0131 Alpaslan Durmu\u015f\u2019un \u00f6ns\u00f6z yazarak kendi \u015firketi EDAM\u2019da bast\u0131rd\u0131\u011f\u0131 Amerikal\u0131 Gatto\u2019nun \u201cE\u011fitim bir kitle imha silah\u0131\u201d, di\u011feri ise Sefer Turan\u2019\u0131n \u201cFuat Sezgin\u2019le Bilim Tarihi Sohbetleri\u201d adl\u0131 kitaplard\u0131r. Kitab\u0131n biri par\u00e7ac\u0131 piyasac\u0131 e\u011fitimi reklam eder, di\u011feri de \u0130slamc\u0131 e\u011fitimi reklam eder niteliktedir. Seminer bahanesiyle her iki kitap da \u00f6zellikle bu d\u00f6nemde tart\u0131\u015fmaya a\u00e7\u0131lm\u0131\u015ft\u0131r.<\/p>\n<p>\u00d6nce Fuat Sezgin\u2019den k\u0131saca s\u00f6z edeyim. Fuat Sezgin bir Alman Oryantalist kad\u0131nla evlenmi\u015f, bu kad\u0131n sonradan M\u00fcsl\u00fcman olmu\u015f, oryantalistleri \u00e7ok sevmi\u015f, onlardan \u00e7ok etkilenmi\u015f birisi. Kitaplar\u0131n\u0131 Almanca yazd\u0131, Suudi kral\u0131ndan bir\u00e7ok kez \u00f6d\u00fcl ald\u0131. Arap \u0130slam Bilginleri diye yazd\u0131\u011f\u0131 kitab\u0131 Arabistan\u2019da bir kitap fuar\u0131na g\u00f6t\u00fcrm\u00fc\u015f, o fuarda gazeteci Sefer Turan onu tan\u0131m\u0131\u015f ve onu tan\u0131tmaya karar vermi\u015f. Kitab\u0131n \u00f6zeti; tarihte T\u00fcrk Bilim adamlar\u0131 yok, sadece \u0130slam \u00e2limleri var. Kitapta T\u00fcrk ad\u0131 sadece T\u00fcrkleri a\u015fa\u011f\u0131lamakta kullan\u0131l\u0131yor. Arap \u0130slamc\u0131 bir yazar oldu\u011fu i\u00e7in defalarca Suudi kral\u0131ndan \u00f6d\u00fcl (para \u00f6d\u00fcl\u00fc) alm\u0131\u015f.<\/p>\n<p>Bu iki kitab\u0131 bu hafta t\u00fcm \u00f6\u011fretmenlere dayatan Milli E\u011fitim Bakanl\u0131\u011f\u0131n\u0131n zamanlamay\u0131 bu seminere denk getirmesi hi\u00e7 hayra alamet de\u011fil. Gatto\u2019nun savundu\u011fu \u015fey bizde e\u011fitimde birli\u011fin yeniden par\u00e7alanmas\u0131d\u0131r, yani tart\u0131\u015fmas\u0131 ba\u015flat\u0131lan \u015fey Tevhid-i Tedrisat Kanunudur, Lozan\u2019d\u0131r.<\/p>\n<p>Yani e\u011fitimde birli\u011fin par\u00e7alanmas\u0131 i\u00e7in Gattocular\u0131n \u00f6n\u00fcndeki son engel E\u011fitimde Birlik Yasas\u0131d\u0131r.<\/p>\n<p>M\u00fcfredatlar\u0131 Gardnercilerle pasla\u015farak par\u00e7alayan bakan Ziya Sel\u00e7uk \u015fimdi devlet okullar\u0131n\u0131 par\u00e7alamak i\u00e7in Gattocularla pasla\u015f\u0131yor. \u00a02004 y\u0131l\u0131nda Ankara\u2019da Gazi Konser Salonunda verdi\u011fi konferansta ulus devletleri y\u0131ka y\u0131ka gelen k\u00fcresel dalgan\u0131n \u00f6n\u00fcnde en b\u00fcy\u00fck engel olarak g\u00f6rd\u00fc\u011f\u00fc milli diren\u00e7 noktalar\u0131 i\u00e7in akademisyen arkada\u015flar\u0131na \u201culusal diren\u00e7 noktalar\u0131n\u0131n bertaraf edilmesi g\u00f6revi bizi bekliyor\u201d demi\u015fti. O salonda \u00f6zel konuk bendim, elimde okul d\u0131\u015f\u0131nda al\u0131nacak se\u00e7meli sertifikal\u0131 kurslara at\u0131lacak derslerin listesi vard\u0131, pilot okulda masan\u0131n \u00fczerinde b\u0131rak\u0131lm\u0131\u015ft\u0131, birlikte \u00e7al\u0131\u015ft\u0131\u011f\u0131 Amerikal\u0131lar onu d\u00fc\u015f\u00fcrm\u00fc\u015flerdi, ben de Cumhuriyet gazetesine vermi\u015ftim, haber edilmi\u015fti. Bana g\u00f6zda\u011f\u0131 veriyordu kendince. Ziya Sel\u00e7uk e\u011fitimi hem dikey hem yatay par\u00e7alaman\u0131n uzman\u0131 olarak yeti\u015ftirildi, 2023\u2019e kadar bu g\u00f6revini tamamlamas\u0131 i\u00e7in ona Tansu \u00c7iller\u2019in \u00f6n a\u00e7mas\u0131yla bakanl\u0131k verildi\u011fi kanaatindeyim, bu kanaatimi per\u00e7inleyecek i\u015fler yap\u0131l\u0131yor.<\/p>\n<p>Ziya Sel\u00e7uk\u2019un bu seminerde neyi tart\u0131\u015fmaya a\u00e7t\u0131\u011f\u0131n\u0131 \u00f6\u011fretmenlerin \u00e7o\u011fu fark\u0131nda de\u011fildir, dilerim J.T.Gatto okurken ay\u0131k\u0131rlar. Ay\u0131kanlar olmad\u0131 de\u011fil, ancak seslerini duyuram\u0131yorlar.<\/p>\n<p>Bu arada, kitab\u0131n yazar\u0131 Gatto \u0130talyanca erkek kedi demektir, Gatti ise (ok.keti) di\u015fi kedi demektir. \u00a0\u015eaka gibi, ama ger\u00e7ekten kara kedi gibi e\u011fitimde birli\u011fimizi bozmak niyetindeler. S\u00f6zc\u00fcleri var. TGRT kanal\u0131na bile \u00e7\u0131kt\u0131lar, \u00f6n\u00fcme d\u00fc\u015ft\u00fc. Program\u0131n alt ba\u015fl\u0131klar\u0131na bakt\u0131\u011f\u0131n\u0131zda \u00e7ok a\u00e7\u0131k niyetlerini s\u00f6yl\u00fcyorlar.<\/p>\n<p>&nbsp;<\/p>\n<p>\u0130\u00e7imizdeki Gattolar<\/p>\n<p>Ziya Sel\u00e7uk\u2019un \u201c11\u2019imiz de var\u201d dedi\u011fi, \u201cekosistemi kurduk, par\u00e7alama art\u0131k kendili\u011finden devam ediyor\u201d dedi\u011fi&#8230; 2005\u2019den beri e\u011fitimde birli\u011fi par\u00e7alamaya pasla\u015farak devam edenler, Fatih Projesi gibi ders kitaplar\u0131 piyasas\u0131 kurarak bu i\u015ften nemalananlar, cemaatlerle kolkola, E\u011fitim Reformu Giri\u015fimi gibi STK\u2019larla el ele, e\u011fitim reformu diye sunulan par\u00e7ac\u0131 ideolojiyle e\u011fitim fak\u00fcltelerinde k\u00fcrs\u00fcleri i\u015fgal edenler, Abant s\u00f6zc\u00fcs\u00fc Eser Karaka\u015f gibi s\u00f6zc\u00fcler&#8230; Yani i\u00e7imizdeki Gattolar, Gattocular ve ekranlarda onlar\u0131n s\u00f6zc\u00fcl\u00fc\u011f\u00fcn\u00fc yapanlar var.<\/p>\n<p>31 Mart 2012\u2019de TGRT\u2019de yay\u0131nlanan \u201cE\u011fitim \u015eart m\u0131?\u201d adl\u0131 programa \u00e7\u0131kanlar\u0131n s\u00f6yledikleri de buydu. Sanki Gatto Amerika\u2019dan gelmi\u015f konu\u015fuyordu. TGRT\u2019de yay\u0131nlanan o program\u0131n ad\u0131n\u0131 ve alt ba\u015fl\u0131klar\u0131n\u0131 s\u0131ralad\u0131\u011f\u0131m\u0131zda Gatto\u2019nun \u201cE\u011fitim Kitle \u0130mha Silah\u0131\u201d kitab\u0131yla ne kadar paralel d\u00fc\u015ft\u00fc\u011f\u00fc g\u00f6r\u00fcl\u00fcr:<\/p>\n<p>Seminer kitab\u0131n\u0131 basan ve \u00f6ns\u00f6z\u00fcnde Gatto\u2019nun \u00e7a\u011fr\u0131s\u0131na icabet etti\u011fini, herkesi de buna davet eden Talim Terbiye Ba\u015fkan\u0131 A.Durmu\u015f\u2019un da Gattocu oldu\u011funu ayr\u0131ca s\u00f6ylemeye gerek yok. Bu kitab\u0131n sat\u0131\u015f\u0131ndan bu hafta ne kadar kazand\u0131\u011f\u0131, ka\u00e7\u0131nc\u0131 bask\u0131 yapt\u0131\u011f\u0131, \u00f6\u011fretmenleri kendi kitab\u0131n\u0131 okumaya mecbur tuttu\u011fu i\u00e7in nas\u0131l su\u00e7 i\u015fledi\u011fi burada konumuz de\u011fildir.<\/p>\n<p>TGRT\u2019de 2012\u2019de yay\u0131nlanan program\u0131n konu\u011fu E.Bu\u011fra Ekinci\u2019nin, daha sonra 2016\u2019da da benzer programlar\u0131 oldu,\u00a0 Milli E\u011fitim Bakan\u0131 Ziya Sel\u00e7uk\u2019la, Talim Terbiye Ba\u015fkan\u0131 Alpaslan Durmu\u015f\u2019la ve Gatto ile nas\u0131l bu kadar \u00f6rt\u00fc\u015febildi\u011fine hi\u00e7 de \u015fa\u015fmayarak i\u00e7erikle ilgili ald\u0131\u011f\u0131m notlar\u0131 okurlar\u0131mla payla\u015fmak istiyorum.<\/p>\n<p>Program\u0131n ad\u0131: Konu\u015fmak Laz\u0131m<\/p>\n<p><a href=\"http:\/\/www.youtube.com\/watch?v=j_DsWnyDAFY&amp;feature=youtu.be\">www.youtube.com\/watch?v=j_DsWnyDAFY&amp;feature=youtu.be<\/a><\/p>\n<p>Konu: E\u011fitim \u015eart m\u0131?<\/p>\n<p>Konu\u015fmac\u0131lar: Mustafa Sel\u00e7uk, Prof. Ekrem Bu\u011fra Ekinci, Serhat \u0130brahimo\u011flu<\/p>\n<p>Konu ba\u015fl\u0131klar\u0131:<\/p>\n<p>*T\u00fcrkiye e\u011fitim sistemini tart\u0131\u015f\u0131yor.<\/p>\n<p>*E\u011fitim diye bir mesele sadece bizde var. D\u00fcnyada e\u011fitim de\u011fil \u00f6\u011fretim modelleri var.<\/p>\n<p>*Osmanl\u0131da nas\u0131l bir e\u011fitim-\u00f6\u011fretim sistemi vard\u0131?<\/p>\n<p>*\u00c7ocuklar\u0131 terbiye etmek devletin de\u011fil ailenin hakk\u0131d\u0131r. Devlet bu alana el atmamal\u0131.<\/p>\n<p>*Bizdeki e\u011fitim kavram\u0131 \u00e7ocuklar\u0131 devletin \u00f6n\u00fcnde e\u011fmeyi hedefliyor.<\/p>\n<p>*Osmanl\u0131\u2019da okuyacak \u00e7ocu\u011fun \u00f6n\u00fc a\u00e7\u0131l\u0131rd\u0131, okuyamayacak olan\u0131 da kimse zorlamazd\u0131.<\/p>\n<p>*Osmanl\u0131\u2019da devlet eliyle bir maarif sistemi tesis edilmemi\u015fti.<\/p>\n<p>*Osmanl\u0131\u2019da mahalle ve k\u00f6ylerde en ilim irfan sahibi olanlar medrese e\u011fitimli imamlard\u0131.<\/p>\n<p>*Devlet eliyle mektep kurma devlete adam yeti\u015ftirme zaruretinden ortaya \u00e7\u0131km\u0131\u015ft\u0131.<\/p>\n<p>*E\u011fitimin ya da \u00f6\u011fretimin M\u0130LL\u0130\u2019si olur mu?<\/p>\n<p>Soru (dak.32.00): E\u011fitimi mecbur etmek insan haklar\u0131 ihlali de\u011fil midir?\u201d<\/p>\n<p>*E\u011fitim-\u00f6\u011fretim bizde insan haklar\u0131 olarak tart\u0131\u015f\u0131lm\u0131yor.<\/p>\n<p>A\u00e7\u0131klama (dak.37.56): \u201cAilenin \u00e7ocu\u011funu evde e\u011fitme hakk\u0131 vard\u0131r.\u201d<\/p>\n<p>*Bizdeki e\u011fitim anlay\u0131\u015f\u0131 tek tip. Farkl\u0131l\u0131klar\u0131 umursam\u0131yor.<\/p>\n<p>A\u00e7\u0131klama (dak.42.00): \u201cAvrupa\u2019da Katolik kilise okullar\u0131 var. Beraberinde fen dersleri verilen Katolik din okullar\u0131nda kalite \u00e7ok y\u00fcksek. Biz de buna benzer \u0130mam Hatipler a\u00e7maya ba\u015flad\u0131k.\u201d<\/p>\n<p>Evet, Katolik Kilise okulu modeli \u0130HL Rize\u2019de (Engindere semtinde) yeni a\u00e7\u0131ld\u0131. Ad\u0131; \u015eehit Erhan Dural K\u0131z<strong>\u00a0<\/strong>\u0130mam Hatip Lisesi, Fen ve Sosyal Bilimler Lisesi.<\/p>\n<p>Katolik kilise okullar\u0131 Avrupa\u2019da \u00e7ok pahal\u0131 \u00f6zel okullard\u0131r ve say\u0131s\u0131 \u00e7ok azd\u0131r, bunu s\u00f6ylemiyorlar. Bizde de g\u00f6r\u00fclen alt\u0131 market \u00fcst\u00fc cami cemaat camileri (k\u00fclliyeli) b\u00f6yle okul a\u00e7abilsin istiyorlar. E\u011fitimde Birlik yasas\u0131 kald\u0131r\u0131ld\u0131\u011f\u0131 anda onlar\u0131 g\u00f6rece\u011fiz.<\/p>\n<p>*Tevhidi Tedrisat devam etmeli mi?<\/p>\n<p>Soru (dak.41.00): Tevhidi Tedrisat E\u011fitim reformunun \u00f6n\u00fcnde engel durmuyor mu?<\/p>\n<p>Soru (dak.43.00): Bu tevhidi tedrisat ilanihaye duracak m\u0131?<\/p>\n<p>A\u00e7\u0131klama (dak.43.40): \u201c\u0130ngiltere\u2019de 12 ya\u015f\u0131na kadar anaokulu gibi bir tedrisat verirler. Sonra \u00e7ocuk ders se\u00e7meye ba\u015flar. \u0130ngiltere\u2019de lisede \u00e7ocuk \u00fc\u00e7 ders al\u0131r, onunla \u00fcniversiteye gider. \u00d6yle \u00e7ok fazla okula gitmek falan yok.\u201d<\/p>\n<p>\u0130ngiltere akademisyen ihtiyac\u0131n\u0131 bizim gibi \u00fclkelerden kalite e\u011fitim veren devlet okullar\u0131ndan beyin g\u00f6\u00e7\u00fcyle kar\u015f\u0131l\u0131yor!<\/p>\n<p>\u0130ngiltere\u2019deyken bizzat tan\u0131\u015ft\u0131\u011f\u0131m \u00f6\u011fretmenler bizim \u00e7ocuklar\u0131m\u0131z neden fak\u00fcltelerin iftihar listelerinde yok diye a\u011fl\u0131yordu. \u201cHem do\u011fru d\u00fczg\u00fcn bir \u015fey \u00f6\u011fretmemizi istemiyorlar hem de s\u00fcrekli bizi de \u00e7ocuklar\u0131 da s\u0131nav yap\u0131yorlar\u201d diye yak\u0131n\u0131yorlar. Bizde de \u015fimdi bu oldu; yeti\u015ftirdikleri \u00f6\u011frenciler s\u0131navlarda s\u0131f\u0131r \u00e7eken \u00f6\u011fretmenlerimizin hali budur.<\/p>\n<p>&#8230;.<\/p>\n<p>&nbsp;<\/p>\n<p>E\u011fitimde Birlik kalkarsa az\u0131nl\u0131k okullar\u0131na geri d\u00f6n\u00fcl\u00fcr.<\/p>\n<p>TGRT\u2019de konu\u015fan Prof.Ekinci\u2019ye g\u00f6re Tevhidi Tedrisat Kanunu ile az\u0131nl\u0131klar\u0131n kendi okullar\u0131nda e\u011fitim yapma hakk\u0131 elinden al\u0131nm\u0131\u015f oldu.<\/p>\n<p>Yani, bu tart\u0131\u015fmalar bizi nereye g\u00f6t\u00fcrecek belli oluyor. Bunlar\u0131 konu\u015fmak Lozan\u2019\u0131 tart\u0131\u015fmakt\u0131r. Bunlar\u0131 tart\u0131\u015fmak onun i\u00e7in varl\u0131\u011f\u0131m\u0131z\u0131 ve birli\u011fimizi tehdit etmektir.<\/p>\n<p>T\u00fcrk Milli E\u011fitimi Gattolar\u0131n eline ge\u00e7ti, yavrular\u0131m\u0131z Allah\u2019a emanet.<\/p>\n<p>&nbsp;<\/p>\n<p>\u0130yi haberlerim de var:<\/p>\n<p>\u00d6\u011fretmen seminerinde bu hafta Arap \u0130slamc\u0131s\u0131 Fuat Sezgin ile Bilim Tarihi Sohbetleri kitab\u0131n\u0131 \u00f6zetleyecek olan baz\u0131 \u00f6\u011fretmenler bu g\u00f6revi reddetti.<\/p>\n<p>Baz\u0131 okullarda \u00f6\u011fretmenler velilerden gelen istek \u00fczerine mahiye.com sitemdeki 1970\u2019lerin ders kitaplar\u0131n\u0131 kullanacaklar\u0131n\u0131 \u00f6\u011frendim. Tebrik ediyorum.<\/p>\n<p>\u00c7ok say\u0131da benimle facebook \u00fczerinden arkada\u015f olmak isteyen var. \u00dczg\u00fcn\u00fcm, sadece e-posta yaz\u0131\u015f\u0131yorum, yaz\u0131lar\u0131m\u0131 OdaTv ve mahiye.com sitemde yay\u0131nl\u0131yorum.<\/p>\n<p>Ve bug\u00fcn;<\/p>\n<p>Bug\u00fcn 9 Eyl\u00fcl, 1922\u2019de \u0130zmir\u2019den d\u00fc\u015fman\u0131 denize d\u00f6kt\u00fc\u011f\u00fcm\u00fcz \u0130zmir\u2019in de kurtulu\u015f bayram\u0131, kahraman T\u00fcrk milletine ve \u0130zmirlilere kutlu olsun.<\/p>\n<p>9 Eyl\u00fcl\u2019\u00fc kutlamak \u00fczere An\u0131tkabir\u2019e ak\u0131n ak\u0131n gelen \u0130zmirliler var. Bunlardan Bornova Anadolu Lisesi Mezunlar\u0131 Derne\u011fi\u2019nin ve BAL \u00f6\u011frencilerinin d\u00fcn (8 Eyl\u00fcl) ger\u00e7ekle\u015ftirdi\u011fi An\u0131tkabir\u2019e resmi ziyaret t\u00f6reninde ben de onlarla birlikteydim. \u00c7\u00fcnk\u00fc 1976-1978 y\u0131llar\u0131nda BAL\u2019de m\u00fczik \u00f6\u011fretmeni olarak \u00e7al\u0131\u015fm\u0131\u015ft\u0131m ve bunu bilen derne\u011fin Ankara\u2019daki \u00fcyesi arkada\u015flar\u0131m beni davet ettiler, gururla aralar\u0131na kat\u0131ld\u0131m.<\/p>\n<p>Bug\u00fcn yaz\u0131m\u0131 \u015f\u00f6yle bitirece\u011fim:<\/p>\n<p>E\u011fitimde Birli\u011fimizi ve Lozan\u2019\u0131 delmeye kalk\u0131\u015fan i\u00e7imizdeki Gatto\u2019lara kar\u015f\u0131 direnen Mustafa Kemal\u2019in \u00f6\u011fretmenlerine sesleniyorum.<\/p>\n<p>Elinize nutku alarak okula gidin, bu seminerde nutku yeniden ke\u015ffetmeniz sizin i\u00e7in daha hay\u0131rl\u0131 olacakt\u0131r. \u00d6\u011fretmen semineri i\u00e7in toplant\u0131 salonuna girdi\u011finizde Gen\u00e7li\u011fe Hitabeyi ve Bursa Nutkunu bir kere daha hep bir a\u011f\u0131zdan y\u00fcksek sesle okuyun.<\/p>\n<p>De\u011ferli \u00f6\u011fretmen arkada\u015flar\u0131m, ya\u015fad\u0131\u011f\u0131n\u0131z korkular\u0131 dile getirdi\u011fimin fark\u0131nday\u0131m.<\/p>\n<p>Korkmay\u0131n, umut ate\u015fi sizin y\u00fcre\u011finizdedir, l\u00fctfen onu harlay\u0131n.<\/p>\n<p>&nbsp;<\/p>\n<p>Mahiye Morg\u00fcl<\/p>\n<p>9 Eyl\u00fcl 2018<\/p>\n<p>&nbsp;<\/p>\n<p>&nbsp;<\/p>\n<p>&nbsp;<\/p>\n<p>&nbsp;<\/p>\n<p>&nbsp;<\/p>\n<p>&nbsp;<\/p>\n<p>&nbsp;<\/p>\n","protected":false},"excerpt":{"rendered":"<p>\u00a0 \u00a0 \u00a0 \u00a0 \u00a0\u00a0 \u00a0 \u00a0 \u00a0 \u00a0 \u00a0 \u00a0 \u00a0\u0130\u00e7imizdeki Gatto\u2019lar Tevhid-i Tedrisata G\u00f6z Dikti \u00d6\u011fretmenlere eyl\u00fcl seminerinde dayat\u0131lan iki kitaptan biri Talim&#8230;<\/p>\n<div class=\"more-link-wrapper\"><a class=\"more-link\" href=\"https:\/\/mahiye.com\/index.php\/2018\/09\/09\/icimizdeki-gattolar-tevhid-i-tedrisata-goz-dikti-9-9-2018\/\">Devam\u0131n\u0131 Oku<span class=\"screen-reader-text\">\u0130\u00e7imizdeki Gatto\u2019lar Tevhid-i Tedrisata G\u00f6z Dikti 9.9.2018<\/span><\/a><\/div>\n","protected":false},"author":2,"featured_media":0,"comment_status":"closed","ping_status":"open","sticky":false,"template":"","format":"standard","meta":{"spay_email":""},"categories":[1],"tags":[],"jetpack_featured_media_url":"","_links":{"self":[{"href":"https:\/\/mahiye.com\/index.php\/wp-json\/wp\/v2\/posts\/921"}],"collection":[{"href":"https:\/\/mahiye.com\/index.php\/wp-json\/wp\/v2\/posts"}],"about":[{"href":"https:\/\/mahiye.com\/index.php\/wp-json\/wp\/v2\/types\/post"}],"author":[{"embeddable":true,"href":"https:\/\/mahiye.com\/index.php\/wp-json\/wp\/v2\/users\/2"}],"replies":[{"embeddable":true,"href":"https:\/\/mahiye.com\/index.php\/wp-json\/wp\/v2\/comments?post=921"}],"version-history":[{"count":1,"href":"https:\/\/mahiye.com\/index.php\/wp-json\/wp\/v2\/posts\/921\/revisions"}],"predecessor-version":[{"id":922,"href":"https:\/\/mahiye.com\/index.php\/wp-json\/wp\/v2\/posts\/921\/revisions\/922"}],"wp:attachment":[{"href":"https:\/\/mahiye.com\/index.php\/wp-json\/wp\/v2\/media?parent=921"}],"wp:term":[{"taxonomy":"category","embeddable":true,"href":"https:\/\/mahiye.com\/index.php\/wp-json\/wp\/v2\/categories?post=921"},{"taxonomy":"post_tag","embeddable":true,"href":"https:\/\/mahiye.com\/index.php\/wp-json\/wp\/v2\/tags?post=921"}],"curies":[{"name":"wp","href":"https:\/\/api.w.org\/{rel}","templated":true}]}}