{"id":953,"date":"2018-11-12T02:03:25","date_gmt":"2018-11-12T00:03:25","guid":{"rendered":"http:\/\/mahiye.com\/?p=953"},"modified":"2018-11-12T02:03:25","modified_gmt":"2018-11-12T00:03:25","slug":"cadilar-gercekten-bayram-ediyor-11-11-2018","status":"publish","type":"post","link":"https:\/\/mahiye.com\/index.php\/2018\/11\/12\/cadilar-gercekten-bayram-ediyor-11-11-2018\/","title":{"rendered":"Cad\u0131lar Ger\u00e7ekten Bayram Ediyor 11.11.2018"},"content":{"rendered":"<p><strong>Cad\u0131lar Ger\u00e7ekten Bayram Ediyor<\/strong><\/p>\n<p>&nbsp;<\/p>\n<p>Anaokullar\u0131 ve \u0130stanbul sosyetesi 31 Ekim haftas\u0131 cad\u0131lar bayram\u0131 yapt\u0131. Kas\u0131m\u2019\u0131n d\u00f6rd\u00fcnc\u00fc per\u015fembesi Amerikan \u015e\u00fckran G\u00fcn\u00fcd\u00fcr, onu da yaparlarsa \u015fa\u015f\u0131rmayaca\u011f\u0131m..<\/p>\n<p>K\u00e2hin de\u011filim. 2012\u2019den beri \u0130ngilizce kitaplar\u0131nda bunlar \u00f6\u011fretiliyor, ne ekersen onu bi\u00e7ersin.<\/p>\n<p>Dava a\u00e7t\u0131\u011f\u0131m \u0130ngilizce ders kitaplar\u0131n\u0131n i\u00e7erisinde g\u00f6rd\u00fcklerime \u00f6nce ben de inanamad\u0131m. Bir terc\u00fcme yanl\u0131\u015f\u0131na d\u00fc\u015fmemek i\u00e7in oturdum ara\u015ft\u0131rd\u0131m.\u00a0 Kendim \u0130ngilizce \u00f6\u011frendi\u011fim y\u0131llarda kitaplarda b\u00f6yle \u015feyler yoktu. Yeni m\u00fcfredatta Festivaller \u00fcnitesi ad\u0131 alt\u0131nda Amerika\u2019da ne kadar dini bayram varsa hepsi \u00f6\u011fretiliyor.<\/p>\n<p>Ge\u00e7ti\u011fimiz g\u00fcnlerde bas\u0131nda geni\u015f yer alan cad\u0131lar bayram\u0131ndan sonra bu konuda elimdeki bilgileri okurlar\u0131mla payla\u015fmaya karar verdim. \u00c7\u00fcnk\u00fc vampir filmi izleme \u00f6devine kadar \u00e7ok k\u00f6t\u00fc \u015feyler vard\u0131. \u00c7ocu\u011fu \u00f6devini do\u011fru yaps\u0131n diye ailece vampir filmi izlediklerine dahi tan\u0131k oluyordum.<\/p>\n<p>2012 y\u0131l\u0131nda ilkokul 2.s\u0131n\u0131ftan itibaren haftada 2 saat zorunlu \u0130ngilizce dersi g\u00f6rmeye ba\u015flayan \u00e7ocuklar\u0131m\u0131z cad\u0131 bayram\u0131 etkinlikleri i\u00e7inde buldular kendilerini.<\/p>\n<p>Cad\u0131 bayramlar\u0131 anaokullar\u0131na \u00e7oktan girmi\u015fti. Ancak orada \u0130ngilizce olarak de\u011fil de maske ve boyama etkinlikleriyle veya korku filmi kahramanlar\u0131n\u0131n kost\u00fcmleriyle s\u0131zm\u0131\u015flard\u0131. \u00c7ocuklar\u0131n g\u00fcnl\u00fck giysilerindeki kuru kafa ve iskeletler ise bu k\u00fclt\u00fcr\u00fcn serbest piyasayla ba\u011flant\u0131l\u0131 yay\u0131ld\u0131\u011f\u0131n\u0131n i\u015faretiydi.<\/p>\n<p>\u0130ngilizce \u0130lkokul ders kitaplar\u0131nda ekilen tohumlara bakarak diyorum ki \u00e7ocuklar\u0131m\u0131z bundan sonra hem Halloween hem de Thanksgiving (Amerikan \u015e\u00fckran G\u00fcn\u00fc) kutlayacaklar. Sonra Paskalya, sonra Hay\u0131rl\u0131 Cuma&#8230; Bak\u0131n isterseniz ilkokul ortaokul \u0130ngilizce ders kitaplar\u0131na, \u0130ngilizce diye bunlar\u0131 \u00f6\u011fretiyorlar.<\/p>\n<p>&#8230;&#8230;..<\/p>\n<p>&nbsp;<\/p>\n<p>2014 y\u0131l\u0131nda dava a\u00e7mak \u00fczere inceledi\u011fim 5.s\u0131n\u0131f (MEB ve Y\u0131ld\u0131r\u0131m yay.) \u0130ngilizce ders kitaplar\u0131ndan ald\u0131\u011f\u0131m baz\u0131 notlar\u0131 buraya al\u0131yorum.<\/p>\n<p><strong>Ortaokul ENGLISH BOOK 5\u201d, Student\u2019s Book, Nejla Gezmi\u015f Ceylan, Y\u0131ld\u0131r\u0131m Yay\u0131nlar\u0131, Ankara 2014<\/strong><\/p>\n<p>&nbsp;<\/p>\n<p>Unit 6 Movies<\/p>\n<p>Sh 51, ailece korku filmi izlerken resmedilmi\u015f.<\/p>\n<p>-Favori filminiz, favori film tipiniz, favori kad\u0131n ve erkek sanat\u00e7\u0131n\u0131z&#8230;<\/p>\n<p>-Favori filminiz i\u00e7in poster yap\u0131n&#8230;<\/p>\n<p>Sh.53.Resimdeki gen\u00e7 kad\u0131n ve erkek sanat\u00e7\u0131y\u0131 bildiniz mi, adlar\u0131 nedir? (Vampir filmi)<\/p>\n<p>-Spikeri dinleyin ve metindeki bo\u015fluklar\u0131 doldurun:<\/p>\n<p><em>\u201cBu film be\u015f serilik dizidir. Catherine Hardwicke y\u00f6netiyor. Kristen Stewart, Robert Pattinson ve Taylor Lautner oynuyor. Bu film bir k\u0131zla vampir aras\u0131nda ge\u00e7en 1 &#8230;.. hik\u00e2yesidir. K\u0131z\u0131n ad\u0131 Bella. Edward vampirdir. Edward ile Bella birbirine a\u015f\u0131k olurlar. Bu ger\u00e7ek hik\u00e2ye de\u011fildir ama ho\u015flan\u0131yorum. Bana g\u00f6re Edward \u00e7ok 2&#8230;.., Bella \u00e7ok cesurdur. Hik\u00e2ye \u00e7ok 3&#8230;..\u2019d\u0131r. Bu hik\u00e2ye \u00e7ok 4&#8230;&#8230;. a\u015fk hik\u00e2yesidir. Severim 5&#8230;.. filmleri.\u201d<\/em><\/p>\n<p>Sorular:<\/p>\n<p>-Ne t\u00fcr filmleri seversiniz, neden?<\/p>\n<p>-Ne t\u00fcr filmlerden nefret edersiniz ya da ho\u015flanmazs\u0131n\u0131z, neden?<\/p>\n<p>Sh.56. Wall-E, robot filminin afi\u015fini verip \u00f6\u011frenci filmi izlemi\u015f gibi soruyor:<\/p>\n<p>-Bu filmi sevdiniz mi, neden?<\/p>\n<p>-Bu filmi sevmediniz mi, neden?<\/p>\n<p><strong>\u00a0<\/strong><\/p>\n<p><strong>10.\u00fcnite: Festivaller.<\/strong><\/p>\n<p>Sh.82. \u00fcnite ba\u015flang\u0131\u00e7 resminde T\u00fcrk bayra\u011f\u0131nda beyaz olan hilal ve y\u0131ld\u0131z\u0131n \u00e7evresi, ayr\u0131ca bayra\u011f\u0131n kenarlar\u0131 siyahla konturlanm\u0131\u015f! T\u00fcm resimler zeminsiz, havada kal\u0131yor!<\/p>\n<p>Sh.86\u2019da verilen festival resimlerinde bir tane T\u00fcrk bayram\u0131 yok ve 31.Ekim Hallowen bayram\u0131! Hayalet giysileri bu bayramda giyilirmi\u015f. Bu sayfada iskelet resimli k\u0131yafet giyen \u00e7ocuk var.<\/p>\n<p>Sayfan\u0131n birinde yiyecek resimleri, fakat tabaklarda ne var anla\u015f\u0131l\u0131r de\u011fil, ama \u00e7ocu\u011fa bu yiyecekler hangi \u00fclkeyle e\u015fle\u015fir diye soruyor! Sonras\u0131nda olduk\u00e7a uzun bir paragrafta \u00c7in takvimini anlat\u0131yor, \u00e7ok laz\u0131mm\u0131\u015f gibi. Ak\u0131l kar\u0131\u015ft\u0131r\u0131r.<\/p>\n<p>&nbsp;<\/p>\n<p><strong>Sh.88, Thanksgiving Day<\/strong><\/p>\n<p>The fourth Thursday in November\/ Kas\u0131m\u2019\u0131n 4.Per\u015fembe g\u00fcn\u00fc, Amerikan \u015f\u00fckran g\u00fcn\u00fc.<\/p>\n<p>Metinden \u00e7eviri: O g\u00fcn \u015funlar\u0131 yaparlar: Kiliseye gidilir, geleneksel yemeklerin yan\u0131nda TURKEY ET\u0130 P\u0130\u015e\u0130R\u0130L\u0130R ve elma pastas\u0131 yenir.<\/p>\n<p>Name: Thanksgiving Day.<\/p>\n<p>People: Americans.<\/p>\n<p>Activities: Go to churches. Eat traditional meal togather cook turkey and apple pie.<\/p>\n<p>Sh.88, Festivallerden birini se\u00e7in ve sunum haz\u0131rlay\u0131n&#8230;<\/p>\n<p>Sh.89, resimlerin hangi festivallere ait oldu\u011funu i\u015faretleyin&#8230;<\/p>\n<p>Sh. 90: Amerikal\u0131lar \u015f\u00fckran g\u00fcn\u00fcnde ne yer, zar oyunu oynayarak \u00f6\u011frenelim:<\/p>\n<p>Kareler \u00fczerine zar atarak oynan\u0131yor, 11.karede ger\u00e7ek hindi resmi var.<\/p>\n<p>18.karede; \u201cWhat do Americans eat on Thanksgiving Day?\u201d, <strong>Amerikal\u0131lar \u015f\u00fckran g\u00fcn\u00fcnde ne yer, <\/strong>diye soruyor!<\/p>\n<p>Hallowen Day festivalinde \u00e7ocuklar ne anlat\u0131r? (Hayalet ve korku hik\u00e2yeleri)<\/p>\n<p>\u00c7inliler yeni y\u0131lda ne giyer? (K\u0131rm\u0131z\u0131.)<\/p>\n<p>Easter (paskalya) bayram\u0131nda yenilen iki yiyece\u011fin ad\u0131n\u0131 s\u00f6yle.<\/p>\n<p>Diwali \u00fclkesi neresidir?<\/p>\n<p>Cristmas ne zamand\u0131r?<\/p>\n<p>Ramazan festivalinde \u00e7ocuklar ne al\u0131r?<\/p>\n<p>Bir Easter etkinlik ad\u0131 s\u00f6yleyin. (21 Nisan, \u00f6ld\u00fckten \u00fc\u00e7 g\u00fcn sonra \u0130sa\u2019n\u0131n dirili\u015fi, \u00f6ncesindeki Cuma g\u00fcn\u00fc Hay\u0131rl\u0131 Cuma.)<\/p>\n<p>Sunum: Festival afi\u015fi haz\u0131rlay\u0131n ve s\u0131n\u0131fa g\u00f6sterin.<\/p>\n<p>Bu \u00fcnitede Ramazan Bayram\u0131 bir ba\u015fka k\u00fclt\u00fcr\u00fcn kalabal\u0131k bayramlar\u0131n\u0131n aras\u0131nda eritilmektedir.<\/p>\n<p>&nbsp;<\/p>\n<p>Sh.100. <strong>Amerikan \u015e\u00fckran G\u00fcn\u00fc, Kas\u0131m\u2019\u0131n 4.Per\u015fembe g\u00fcn\u00fcd\u00fcr<\/strong>.<\/p>\n<p>Bu sayfada tarih olarak da \u00f6\u011fretiliyor. Bu g\u00fcn ne yiyeceklerini 90.sayfada \u00f6\u011fretmi\u015fti!<\/p>\n<p>&nbsp;<\/p>\n<p><strong>\u0130ngilizce \u00c7al\u0131\u015fma Kitab\u0131nda Festivaller: (5.S\u0131n\u0131f English Workbook) <\/strong><\/p>\n<p>&nbsp;<\/p>\n<p>Sh.45. <strong>Hallowen 31 Ekim, etkinlikleri<\/strong>:<\/p>\n<p>Korku filmi seyret \u2013 Kabak oy \u2013 Kost\u00fcm partiye kat\u0131l \u2013 Hayalet hik\u00e2yeleri anlat \u2013 B\u00fcy\u00fc anlat, b\u00fcy\u00fcc\u00fc gibi davran \u2013 Ate\u015f yak<\/p>\n<p>&nbsp;<\/p>\n<p><strong>Christmas 25 Aral\u0131k etkinlikleri<\/strong>:<\/p>\n<p>Decorate the tree with lights \u2013 <strong>Put an angel on top of the tree<\/strong> \u2013Give presents to each other \u2013 <strong>Eat turkey for dinner<\/strong> \u2013 <strong>Ring the chirch bells<\/strong> \u2013 Send cards to friends.<\/p>\n<p>Soru: <strong>What do people eat at christmas<\/strong>? (turkey!)<\/p>\n<p>Sh.47:\u00a0 Kelimeleri bo\u015fluklara doldurun: <u>Melekler, lambalar, hindi, \u00e7anlar, hediyeler, kartlar! <\/u><\/p>\n<p><strong>ANGELS, L\u0130GHTS,\u00a0 TURKEY, BELLS,\u00a0 PRESENTS\u00a0 CARDS<\/strong><\/p>\n<p>\u201cChristmas is \u00a0\u00a0 a fameus festival. It is in December. People celebrate the birth of Jesus on that day. Churches ring their &#8230;&#8230;&#8230;. I send &#8230;&#8230;. about Happy Christmas to my friends. My father and I decorate the tree with &#8230;&#8230;&#8230;.and we put an &#8230;&#8230; on the top of the tree. My mother cooks a &#8230;&#8230;.. on that day.\u00a0 We have a dinner and give &#8230;&#8230;&#8230; to each other in the evening on Chirstmas day.\u201d<\/p>\n<p>&nbsp;<\/p>\n<p>Annesi ne pi\u015firmi\u015f oraya \u201cturkey\u201d yaz\u0131lacak!<\/p>\n<p>Bu kadar s\u0131k kullan\u0131lan bir c\u00fcmleyle \u00e7ocuklar\u0131m\u0131z\u0131n beyin alt\u0131na i\u015flenen nedir?<\/p>\n<p>&nbsp;<\/p>\n<p>Sh.48, Easter Day sorular\u0131na bak\u0131n\u0131z:<\/p>\n<p><strong>The day before Easter is Good Friday<\/strong>.<\/p>\n<p>Easter bayram\u0131ndan \u00f6nceki Cuma g\u00fcn\u00fc Hay\u0131rl\u0131 Cuma\u2019d\u0131r!<\/p>\n<p>&nbsp;<\/p>\n<p>\u015eimdi sormama izin verin, \u00f6n\u00fcnde FR\u0130DAY (Cuma) yaz\u0131l\u0131 olan siyah g\u00f6mlekleri gen\u00e7lerin \u00fczerinde g\u00f6r\u00fcyorsunuz de\u011fil mi?<\/p>\n<p>Dahas\u0131 var, ABD\u2019de Cuma ad\u0131 zenci k\u00f6le (M\u00fcsl\u00fcman) i\u00e7in kullan\u0131lan bir s\u0131fatt\u0131r. O g\u00fcn kullan\u0131lm\u0131\u015f e\u015fyalarla a\u00e7\u0131lan ucuzluk pazar\u0131na Good Friday\/Hay\u0131rl\u0131 Cuma derler. Bu kadar ayr\u0131nt\u0131s\u0131na kadar \u00e7ocuklar\u0131m\u0131z\u0131 belli bir k\u00fclt\u00fcre haz\u0131rlad\u0131klar\u0131n\u0131 g\u00f6r\u00fcyorsunuz. Bunun ad\u0131 da \u0130ngilizce dersi oluyor. Atat\u00fcrk sa\u011f olsayd\u0131 buna misyonerlik faaliyeti der, derhal bas\u0131m\u0131n\u0131 da\u011f\u0131t\u0131m\u0131n\u0131 durdururdu. Misyonerlik faaliyeti art\u0131k yasak olmad\u0131\u011f\u0131 i\u00e7in bu kitaplar\u0131n sadece bilimsel yanl\u0131\u015flar\u0131na \u015fik\u00e2yet edebiliyoruz. Milli E\u011fitim art\u0131k \u0130ngilizce gramer yanl\u0131\u015flar\u0131na da olur veriyor, onun k\u0131l\u0131f\u0131n\u0131 ise \u201cBiz de Amerikal\u0131 \u00e7ocuk gibi sokakta konu\u015fulan \u0130ngilizceyle \u00f6\u011fretmeye ba\u015flad\u0131k\u201d diye cevap veriyor, sanki her sokakta ayn\u0131 a\u011f\u0131zla konu\u015fuluyormu\u015f gibi.<\/p>\n<p>&nbsp;<\/p>\n<p><strong>Yeri gelmi\u015fken&#8230;.<\/strong><\/p>\n<p>\u0130ngilizce \u00d6\u011fretim Programlar\u0131yla ilgili bir an\u0131m\u0131 izninizle payla\u015fmak istiyorum.<\/p>\n<p>Y\u0131l 2000, M\u00fczik Nas\u0131l \u00d6\u011fretilir kitab\u0131m bas\u0131ma haz\u0131r, dosyay\u0131 ald\u0131m Talim Terbiye Program Geli\u015ftirme Dairesine g\u00f6t\u00fcrd\u00fcm, \u201cBu kitab\u0131 MEB olarak bas\u0131n, para istemiyorum, b\u00fct\u00fcn okullar\u0131n k\u00fct\u00fcphanelerine da\u011f\u0131t\u0131n\u201d dedim. Daire ba\u015fkan\u0131 g\u00f6zlerimin i\u00e7ine bakarak;<\/p>\n<p>\u201cMahiye Han\u0131m sizi \u00c7ocukluk \u00c7a\u011f\u0131 M\u00fczik E\u011fitimi ve Drama kitaplar\u0131n\u0131zdan biliyoruz, siz hem \u0130ngilizce biliyorsunuz, hem \u0130ngilizce \u00e7ocuk \u015fark\u0131lar\u0131 biliyorsunuz, hem de \u00e7ocuk oyunlar\u0131 biliyorsunuz. Gelin sizi \u00f6nce Talim Terbiye\u2019ye alal\u0131m, bizim \u00f6nceli\u011fimizde \u00e7ocuklara 6 ya\u015f\u0131nda \u0130ngilizceyi ba\u015flatmak var, siz bize bunun kitab\u0131n\u0131 haz\u0131rlay\u0131n, ondan sonra sizin bu kitab\u0131n\u0131z\u0131 basal\u0131m,\u201d diye bir teklif yapt\u0131.<\/p>\n<p>Benim orda ne cevap verdi\u011fimi tahmin edersiniz. Yoksa \u015fu anda o makamlarda \u00e7ok itibarl\u0131 ve \u00e7ok paral\u0131 birisi olurdum, de\u011fil mi?<\/p>\n<p>Bu arada ne zamandan beri Talim Terbiye ile ters d\u00fc\u015ft\u00fc\u011f\u00fcm\u00fc de \u00f6\u011frenmi\u015f oldunuz.<\/p>\n<p>\u015eu anda kullan\u0131lmakta olan \u0130ngilizce kitaplar\u0131na l\u00fctfen bir bak\u0131n\u0131z. MEB veya yabanc\u0131 bas\u0131m, hi\u00e7 fark etmiyor, hepsi ayn\u0131 yanl\u0131\u015flarla dolu. Daha d\u00fcn bir tane de\u011fi\u015fik yay\u0131n ilkokul \u0130ngilizce kitab\u0131 g\u00f6rd\u00fcm, o da ayn\u0131, beden par\u00e7alar\u0131n\u0131 (kol bacak ba\u015f el ayak) makasla kestiriyor, bir s\u0131n\u0131f g\u00f6rselinde tahtan\u0131n iki yan\u0131nda kocaman iki ayna (korkutucu, bo\u015f bulan\u0131k beyaz, hayalet gibi, e\u011fer ayna olsa s\u0131n\u0131f\u0131n aynadaki aksi g\u00f6r\u00fcnmesi laz\u0131m, \u00fcrk\u00fct\u00fcc\u00fc bir \u015fey, insan\u0131n g\u00f6z\u00fcn\u00fcn \u00f6n\u00fcnden gitmiyor) ve s\u0131n\u0131f toz duman i\u00e7inde, \u00f6\u011frenciler s\u0131n\u0131fta kavga halinde, biri di\u011ferine yumruklar\u0131n\u0131 s\u0131km\u0131\u015f sall\u0131yor&#8230; Cad\u0131lar bayram\u0131 ger\u00e7ekle\u015fmi\u015f bir s\u0131n\u0131ft\u0131!<\/p>\n<p>Bu da 140 TL ile veliye zorunlu sat\u0131\u015f yap\u0131lm\u0131\u015f \u0130ngilizce 2.s\u0131n\u0131f kitab\u0131.<\/p>\n<p>&nbsp;<\/p>\n<p><strong>Cad\u0131lar bayram\u0131 art\u0131k her g\u00fcn<\/strong>&#8230;<\/p>\n<p>Okuma yazmay\u0131 \u201cAta at elle\u201d ile ba\u015flatan, \u201cAnne ere nar at\u201d ile s\u00fcrd\u00fcren, \u00a0insan haklar\u0131 diye cellat masallar\u0131 okutan, T\u00fcrk\u00e7e dersini 8.s\u0131n\u0131fa kadar masal okuma dersine \u00e7eviren, \u0130ngilizce dersinde \u201cSupermen can help you\u201d diye \u00e7ocuklar\u0131 kand\u0131ran, Evangelist bayramlar\u0131n\u0131 \u0130ngilizce ders saatlerinde ger\u00e7ekle\u015ftiren, b\u00fct\u00fcn bunlara e\u011fitim reformu diyerek milleti de kand\u0131ran birileri var. Onlar her g\u00fcn bayram ediyor olmal\u0131.<\/p>\n<p>Tadilat perdesiyle okullar\u0131m\u0131z\u0131n adlar\u0131n\u0131, Atat\u00fcrk b\u00fcstlerini ve duvarlar\u0131ndan Atat\u00fcrk\u2019\u00fcn s\u00f6zlerini kald\u0131r\u0131rlarken g\u00f6rmemi\u015fiz, b\u00fcy\u00fclemi\u015fler bizi. Kendilerine takvim koydular,\u00a0 2023\u2019e az kald\u0131, bitiriyorlar.<\/p>\n<p>Tadilat diyerek her g\u00fcn bir yeri perdeliyorlar. \u00dc\u00e7 y\u0131l \u00f6nce Bitlis Kurey\u015f Camisindeki Sahabe yat\u0131rlar\u0131n\u0131n alt\u0131n\u0131 nas\u0131l oyup \u00f6yle b\u0131rakt\u0131klar\u0131 geliyor akl\u0131ma, caminin 40 y\u0131ll\u0131k imam\u0131 \u0130smetullah Beyin kahr\u0131ndan nas\u0131l peri\u015fan oldu\u011funu an\u0131ms\u0131yorum&#8230; O tarihi camiye b\u00f6yle k\u0131yanlar orada cad\u0131lar bayram\u0131 kutlam\u0131\u015flard\u0131r.<\/p>\n<p>&#8230;.<\/p>\n<p>&nbsp;<\/p>\n<p><strong>Okullarda \u00e7elenksiz 10 Kas\u0131m&#8230;<\/strong><\/p>\n<p>D\u00fcn Atam\u0131z\u0131 \u00f6l\u00fcms\u00fczl\u00fc\u011fe u\u011furlay\u0131\u015f\u0131m\u0131z\u0131n 80.y\u0131l\u0131yd\u0131. Saat 9\u2019u be\u015f ge\u00e7e emekli oldu\u011fum Yahya \u00c7avu\u015f \u0130lk\u00f6\u011fretim Okulunun bah\u00e7esindeydim. 12 y\u0131ldan beri her 10 Kas\u0131m sabah\u0131 erkenden gider g\u00f6t\u00fcrd\u00fc\u011f\u00fcm kas\u0131mpat\u0131lar\u0131 b\u00fcst\u00fcn etraf\u0131na yerle\u015ftiririm, t\u00f6reni izler sonra sayg\u0131 n\u00f6beti tutar\u0131m. T\u00f6ren gere\u011fi sirenler \u00e7almadan az \u00f6nce okul m\u00fcd\u00fcr\u00fc Atat\u00fcrk b\u00fcst\u00fcne \u00e7elenk koyar, fakat bu sene t\u00f6rende okul m\u00fcd\u00fcr\u00fc \u00e7elenk koymad\u0131. \u00d6\u011frendim ki tasarruf i\u00e7in \u00e7elenk konmayacak diye emir gelmi\u015f. Olacak \u015fey de\u011fil, \u00e7\u00fcnk\u00fc \u00e7oktan beri haz\u0131r \u00e7elenk (ger\u00e7ek \u00e7i\u00e7ekten olmayan) konuyordu. \u00c7ok \u00fcz\u00fcld\u00fcm.<\/p>\n<p>Burada y\u0131llarca korolar\u0131mla t\u00f6renler yapm\u0131\u015ft\u0131m, \u00e7ok an\u0131lar\u0131m var. \u0130stiyorum ki okulun etraf\u0131ndaki mahalleler her t\u00f6rende buraya gelsinler, halk sahip \u00e7\u0131ks\u0131n b\u00f6yle anma t\u00f6renlerine. \u00d6rnek olu\u015fturmak i\u00e7in emekli oldu\u011fum 2006\u2019dan beri her y\u0131l orday\u0131m. Ac\u0131 olan yan\u0131 da var; y\u0131ldan y\u0131la yok olu\u015fun da tan\u0131\u011f\u0131 oluyorum.<\/p>\n<p>B\u00fcst\u00fcn arka duvar\u0131nda sar\u0131 yald\u0131zl\u0131 harflerle Atat\u00fcrk\u2019\u00fcn \u201d \u201c<strong>Cumhuriyet\u2019in Temeli K\u00fclt\u00fcrd\u00fcr<\/strong>\u201d s\u00f6z\u00fc vard\u0131, alt\u0131nda Atat\u00fcrk\u2019\u00fcn imzas\u0131yla. 2012\u2019den beri yok. Bir zemin d\u00fczenleme bahanesiyle o g\u00fczelim yaz\u0131 gitmi\u015fti.<\/p>\n<p>\u015eu anda Konya\u2019da Mevlana projesine eklenerek \u00f6\u011fretime kapat\u0131lan, benim \u00e7ocuklar\u0131m\u0131n da ilkokulu okudu\u011fu Gazi Mustafa Kemal \u0130lkokulu\u2019nun (1927) duvar\u0131ndaki yaz\u0131 art\u0131k yerinde yok. Orada \u015fu s\u00f6z vard\u0131:<\/p>\n<p>\u201c<strong>Uluslar\u0131 \u00f6zg\u00fcr, ba\u011f\u0131ms\u0131z, \u015fanl\u0131 ve y\u00fcksek bir toplum olarak ya\u015fatan g\u00fc\u00e7 e\u011fitimdir.\u201d Gazi Mustafa Kemal<\/strong><\/p>\n<p>Sihirli bir el okul duvarlar\u0131ndan Atat\u00fcrk\u2019\u00fcn s\u00f6zlerini birer birer siliyor!<\/p>\n<p>Buna en \u00e7ok kim sevinirse onlar i\u00e7in bayram demektir, de\u011fil mi? Ne sihirdir ne keramet, \u00a0hokus pokus, yok ol dedi yok oldu&#8230; Sihirli s\u00f6zc\u00fcklerle&#8230;<\/p>\n<p>\u015eu cad\u0131lar\u0131n ne \u00e7ok sihirli s\u00f6zc\u00fckleri var, her kap\u0131y\u0131 a\u00e7an anahtar kelimeleri var, bir g\u00fcn de onlar\u0131 yazay\u0131m. \u201cYeni neslin ders kitaplar\u0131\u201d mesela&#8230;<\/p>\n<p>2012 y\u0131l\u0131nda kullan\u0131lan 1.s\u0131n\u0131f Matematik kitab\u0131nda u\u00e7an s\u00fcp\u00fcrgeli cad\u0131 sorusunu hat\u0131rlad\u0131n\u0131z m\u0131?<\/p>\n<p>\u201cCad\u0131 prensesi kulede esir ald\u0131. Prensesin elinde 11 kula\u00e7 ip var, oysa kulenin y\u00fcksekli\u011fi 19 kula\u00e7t\u0131r. Prensesin ka\u00e7 kula\u00e7 daha ipe ihtiyac\u0131 var?\u201d<\/p>\n<p>Atat\u00fcrk\u2019\u00fcn geometri kitab\u0131 da yok edildi. \u00c7ocuklar\u0131m\u0131z \u201cgeometrinin ne gere\u011fi var\u201d diyerek geometriyi kald\u0131ran e\u011fitim bakanlar\u0131n\u0131n eline d\u00fc\u015ft\u00fc, matematik diye cad\u0131lar b\u00fcy\u00fcc\u00fcler var \u00f6nlerinde.<\/p>\n<p>Evet, okullarda ve sosyetik bir yerlerde cad\u0131lar bayram\u0131 kutlan\u0131rken y\u00fczlerini bizden gizlemeyi \u00e7ok iyi ba\u015farm\u0131\u015f b\u00fcy\u00fck cad\u0131lar ger\u00e7ekten bayram ediyorlar, sihirli elleriyle Atat\u00fcrk\u2019ten bize kalan ne varsa ortadan kald\u0131r\u0131yorlar.<\/p>\n<p>Neden T\u00fcrk Milli E\u011fitimini hedef ald\u0131klar\u0131 belli olmuyor mu?<\/p>\n<p><strong>Atat\u00fcrk\u2019\u00fcm\u00fcz \u201cUluslar\u0131 \u00f6zg\u00fcr, ba\u011f\u0131ms\u0131z, \u015fanl\u0131 ve y\u00fcksek bir toplum olarak ya\u015fatan g\u00fc\u00e7 e\u011fitimdir\u201d dedi\u011fi i\u00e7in!<\/strong><\/p>\n<p>&nbsp;<\/p>\n<p>11.11.2018<\/p>\n<p>Mahiye Morg\u00fcl<\/p>\n","protected":false},"excerpt":{"rendered":"<p>Cad\u0131lar Ger\u00e7ekten Bayram Ediyor &nbsp; Anaokullar\u0131 ve \u0130stanbul sosyetesi 31 Ekim haftas\u0131 cad\u0131lar bayram\u0131 yapt\u0131. Kas\u0131m\u2019\u0131n d\u00f6rd\u00fcnc\u00fc per\u015fembesi Amerikan \u015e\u00fckran G\u00fcn\u00fcd\u00fcr, onu da yaparlarsa \u015fa\u015f\u0131rmayaca\u011f\u0131m..&#8230;<\/p>\n<div class=\"more-link-wrapper\"><a class=\"more-link\" href=\"https:\/\/mahiye.com\/index.php\/2018\/11\/12\/cadilar-gercekten-bayram-ediyor-11-11-2018\/\">Devam\u0131n\u0131 Oku<span class=\"screen-reader-text\">Cad\u0131lar Ger\u00e7ekten Bayram Ediyor 11.11.2018<\/span><\/a><\/div>\n","protected":false},"author":2,"featured_media":0,"comment_status":"closed","ping_status":"open","sticky":false,"template":"","format":"standard","meta":{"spay_email":""},"categories":[1],"tags":[],"jetpack_featured_media_url":"","_links":{"self":[{"href":"https:\/\/mahiye.com\/index.php\/wp-json\/wp\/v2\/posts\/953"}],"collection":[{"href":"https:\/\/mahiye.com\/index.php\/wp-json\/wp\/v2\/posts"}],"about":[{"href":"https:\/\/mahiye.com\/index.php\/wp-json\/wp\/v2\/types\/post"}],"author":[{"embeddable":true,"href":"https:\/\/mahiye.com\/index.php\/wp-json\/wp\/v2\/users\/2"}],"replies":[{"embeddable":true,"href":"https:\/\/mahiye.com\/index.php\/wp-json\/wp\/v2\/comments?post=953"}],"version-history":[{"count":1,"href":"https:\/\/mahiye.com\/index.php\/wp-json\/wp\/v2\/posts\/953\/revisions"}],"predecessor-version":[{"id":954,"href":"https:\/\/mahiye.com\/index.php\/wp-json\/wp\/v2\/posts\/953\/revisions\/954"}],"wp:attachment":[{"href":"https:\/\/mahiye.com\/index.php\/wp-json\/wp\/v2\/media?parent=953"}],"wp:term":[{"taxonomy":"category","embeddable":true,"href":"https:\/\/mahiye.com\/index.php\/wp-json\/wp\/v2\/categories?post=953"},{"taxonomy":"post_tag","embeddable":true,"href":"https:\/\/mahiye.com\/index.php\/wp-json\/wp\/v2\/tags?post=953"}],"curies":[{"name":"wp","href":"https:\/\/api.w.org\/{rel}","templated":true}]}}